{"id":19941,"date":"2026-03-16T13:26:00","date_gmt":"2026-03-16T13:26:00","guid":{"rendered":"https:\/\/parkstory.com\/2026\/03\/16\/retrospective-de-levenement-intertraffic-2026-a-amsterdam\/"},"modified":"2026-04-30T14:23:07","modified_gmt":"2026-04-30T14:23:07","slug":"retrospective-de-levenement-intertraffic-2026-a-amsterdam","status":"publish","type":"post","link":"https:\/\/parkstory.com\/fr\/2026\/03\/16\/retrospective-de-levenement-intertraffic-2026-a-amsterdam\/","title":{"rendered":"R\u00e9trospective de l&rsquo;\u00e9v\u00e9nement : Intertraffic 2026 \u00e0 Amsterdam"},"content":{"rendered":"\t\t<div data-elementor-type=\"wp-post\" data-elementor-id=\"19941\" class=\"elementor elementor-19941 elementor-19914\" data-elementor-post-type=\"post\">\n\t\t\t\t<div class=\"elementor-element elementor-element-772bace2 e-flex e-con-boxed e-con e-parent\" data-id=\"772bace2\" data-element_type=\"container\">\n\t\t\t\t\t<div class=\"e-con-inner\">\n\t\t\t\t<div class=\"elementor-element elementor-element-2b30c79a elementor-widget__width-initial elementor-widget elementor-widget-text-editor\" data-id=\"2b30c79a\" data-element_type=\"widget\" data-widget_type=\"text-editor.default\">\n\t\t\t\t<div class=\"elementor-widget-container\">\n\t\t\t\t\t\t\t<p>L&rsquo;\u00e9quipe de Parkstory a particip\u00e9 avec Nectanet \u00e0 l&rsquo;EXPO REAL 2023 \u00e0 Munich du 4 au 7 octobre. jusqu&rsquo;au 06 octobre 2023 ! Une bonne occasion de faire connaissance, de pr\u00e9senter nos solutions de parking sur mesure et de discuter de vos projets en d\u00e9tail.<\/p>\n\t\t\t\t\t\t<\/div>\n\t\t\t\t<\/div>\n\t\t<div class=\"elementor-element elementor-element-77df034a e-flex e-con-boxed e-con e-child\" data-id=\"77df034a\" data-element_type=\"container\">\n\t\t\t\t\t<div class=\"e-con-inner\">\n\t\t\t\t\t<\/div>\n\t\t\t\t<\/div>\n\t\t<div class=\"elementor-element elementor-element-742dbd9d e-con-full e-flex e-con e-child\" data-id=\"742dbd9d\" data-element_type=\"container\">\n\t\t<div class=\"elementor-element elementor-element-21b17444 e-con-full e-flex e-con e-child\" data-id=\"21b17444\" data-element_type=\"container\">\n\t\t\t\t<div class=\"elementor-element elementor-element-6dda6beb elementor-widget elementor-widget-image\" data-id=\"6dda6beb\" data-element_type=\"widget\" data-widget_type=\"image.default\">\n\t\t\t\t<div class=\"elementor-widget-container\">\n\t\t\t\t\t\t\t\t\t\t<figure class=\"wp-caption\">\n\t\t\t\t\t\t\t\t\t\t<img fetchpriority=\"high\" decoding=\"async\" width=\"800\" height=\"450\" src=\"https:\/\/parkstory.com\/wp-content\/uploads\/2026\/04\/Parkstory-auf-der-Intertraffic-Amsterdam-2026_-1024x576.jpg\" class=\"attachment-large size-large wp-image-19917\" alt=\"\" srcset=\"https:\/\/parkstory.com\/wp-content\/uploads\/2026\/04\/Parkstory-auf-der-Intertraffic-Amsterdam-2026_-1024x576.jpg 1024w, https:\/\/parkstory.com\/wp-content\/uploads\/2026\/04\/Parkstory-auf-der-Intertraffic-Amsterdam-2026_-300x169.jpg 300w, https:\/\/parkstory.com\/wp-content\/uploads\/2026\/04\/Parkstory-auf-der-Intertraffic-Amsterdam-2026_-768x432.jpg 768w, https:\/\/parkstory.com\/wp-content\/uploads\/2026\/04\/Parkstory-auf-der-Intertraffic-Amsterdam-2026_.jpg 1120w\" sizes=\"(max-width: 800px) 100vw, 800px\" \/>\t\t\t\t\t\t\t\t\t\t\t<figcaption class=\"widget-image-caption wp-caption-text\">J\u00fcrgen Lukas (PDG) &amp; Lukas Kopecki (Directeur des ventes)<\/figcaption>\n\t\t\t\t\t\t\t\t\t\t<\/figure>\n\t\t\t\t\t\t\t<\/div>\n\t\t\t\t<\/div>\n\t\t\t\t<\/div>\n\t\t<div class=\"elementor-element elementor-element-3114f6f5 e-flex e-con-boxed e-con e-child\" data-id=\"3114f6f5\" data-element_type=\"container\">\n\t\t\t\t\t<div class=\"e-con-inner\">\n\t\t\t\t<div class=\"elementor-element elementor-element-4e6ad63e elementor-widget__width-initial elementor-widget elementor-widget-text-editor\" data-id=\"4e6ad63e\" data-element_type=\"widget\" data-widget_type=\"text-editor.default\">\n\t\t\t\t<div class=\"elementor-widget-container\">\n\t\t\t\t\t\t\t<p>Le maire Wolfram Britz est venu visiter notre usine de production \u00e0 Kehl, en Allemagne. L&rsquo;\u00e9quipe Parkstory a profit\u00e9 de cette occasion pour discuter de la coop\u00e9ration internationale avec la ville de Kehl et pour pr\u00e9senter nos technologies innovantes ainsi que nos projets en cours dans le monde entier !<\/p>\n\t\t\t\t\t\t<\/div>\n\t\t\t\t<\/div>\n\t\t\t\t<div class=\"elementor-element elementor-element-434f9605 elementor-widget elementor-widget-heading\" data-id=\"434f9605\" data-element_type=\"widget\" data-widget_type=\"heading.default\">\n\t\t\t\t<div class=\"elementor-widget-container\">\n\t\t\t<h2 class=\"elementor-heading-title elementor-size-default\">Parkstory au salon Intertraffic Amsterdam 2026<\/h2>\t\t<\/div>\n\t\t\t\t<\/div>\n\t\t\t\t<div class=\"elementor-element elementor-element-17657818 elementor-widget-mobile__width-initial elementor-widget elementor-widget-heading\" data-id=\"17657818\" data-element_type=\"widget\" data-widget_type=\"heading.default\">\n\t\t\t\t<div class=\"elementor-widget-container\">\n\t\t\t<h4 class=\"elementor-heading-title elementor-size-default\">- nous fa\u00e7onnons la mobilit\u00e9 urbaine de demain \ud83d\ude9a \ud83d\ude97<\/h4>\t\t<\/div>\n\t\t\t\t<\/div>\n\t\t\t\t<div class=\"elementor-element elementor-element-514c340d elementor-widget__width-initial elementor-widget elementor-widget-text-editor\" data-id=\"514c340d\" data-element_type=\"widget\" data-widget_type=\"text-editor.default\">\n\t\t\t\t<div class=\"elementor-widget-container\">\n\t\t\t\t\t\t\t<p>Le salon Intertraffic Amsterdam 2026 est officiellement termin\u00e9 et l&rsquo;\u00e9quipe de Parkstory en tire un bilan \u00e9poustouflant. Nous avons derri\u00e8re nous des jours d&rsquo;inspiration, d&rsquo;\u00e9changes technologiques et de rencontres tourn\u00e9es vers l&rsquo;avenir. L&rsquo;\u00e9norme int\u00e9r\u00eat suscit\u00e9 par notre stand a mis en \u00e9vidence une chose : le manque de places de stationnement dans nos villes exige des solutions intelligentes et automatis\u00e9es.  <\/p>\n\t\t\t\t\t\t<\/div>\n\t\t\t\t<\/div>\n\t\t\t\t<div class=\"elementor-element elementor-element-c73ad6c elementor-widget__width-initial elementor-widget elementor-widget-text-editor\" data-id=\"c73ad6c\" data-element_type=\"widget\" data-widget_type=\"text-editor.default\">\n\t\t\t\t<div class=\"elementor-widget-container\">\n\t\t\t\t\t\t\t<h3><strong>Pourquoi l&rsquo;avenir du stationnement est automatis\u00e9<\/strong><\/h3>\n<p>L&rsquo;espace urbain se fait de plus en plus rare, mais le besoin de solutions de stationnement efficaces ne cesse de cro\u00eetre. Notre vision d&rsquo;une organisation intelligente et peu encombrante de l&rsquo;espace de stationnement a fait mouche lors du salon. Il \u00e9tait impressionnant de voir comment les urbanistes et les promoteurs du monde entier cherchent des moyens d&rsquo;utiliser l&rsquo;espace plus efficacement tout en am\u00e9liorant le confort des utilisateurs.  <\/p>\n\t\t\t\t\t\t<\/div>\n\t\t\t\t<\/div>\n\t\t\t\t<div class=\"elementor-element elementor-element-38f34dd elementor-widget__width-initial elementor-widget elementor-widget-text-editor\" data-id=\"38f34dd\" data-element_type=\"widget\" data-widget_type=\"text-editor.default\">\n\t\t\t\t<div class=\"elementor-widget-container\">\n\t\t\t\t\t\t\t<h3><strong>Aper\u00e7u de nos points forts sur le salon :<\/strong><\/h3>\n<ul>\n<li><strong>La technologie \u00e0 port\u00e9e de main<\/strong>: nos d\u00e9monstrations en direct ont permis aux visiteurs de voir comment fonctionne notre technologie. Ces moments \u00ab\u00a0aha\u00a0\u00bb, lorsque l&rsquo;efficacit\u00e9 d&rsquo;une installation automatis\u00e9e devient tangible, ont \u00e9t\u00e9 pour nous le meilleur retour d&rsquo;information. <\/li>\n<\/ul>\n<ul>\n<li><strong>R\u00e9seautage mondial<\/strong>: nous avons nou\u00e9 des contacts pr\u00e9cieux avec des experts du monde entier. Les \u00e9changes avec des visionnaires du secteur de la construction et des pouvoirs publics nous ont donn\u00e9 un nouvel \u00e9lan pour les projets \u00e0 venir. <\/li>\n<\/ul>\n<ul>\n<li><strong>Des visions communes<\/strong>: Nous avons discut\u00e9 des moyens de r\u00e9volutionner l&rsquo;espace urbain en \u00e9liminant les rampes et les voies de circulation traditionnelles.<\/li>\n<\/ul>\n\t\t\t\t\t\t<\/div>\n\t\t\t\t<\/div>\n\t\t\t\t<div class=\"elementor-element elementor-element-3859d4a elementor-widget__width-initial elementor-widget elementor-widget-text-editor\" data-id=\"3859d4a\" data-element_type=\"widget\" data-widget_type=\"text-editor.default\">\n\t\t\t\t<div class=\"elementor-widget-container\">\n\t\t\t\t\t\t\t<p>Nous tenons \u00e0 remercier chaleureusement tous les visiteurs, partenaires et nouvelles connaissances qui se sont rendus sur notre stand. L&rsquo;\u00e9nergie et les retours positifs nous motivent \u00e0 pr\u00e9sent \u00e0 mettre pleinement en \u0153uvre les nombreux projets lanc\u00e9s. <\/p>\n\t\t\t\t\t\t<\/div>\n\t\t\t\t<\/div>\n\t\t\t\t<div class=\"elementor-element elementor-element-7035479 elementor-widget__width-initial elementor-widget elementor-widget-text-editor\" data-id=\"7035479\" data-element_type=\"widget\" data-widget_type=\"text-editor.default\">\n\t\t\t\t<div class=\"elementor-widget-container\">\n\t\t\t\t\t\t\t<h3><strong>Vous nous avez manqu\u00e9 \u00e0 Amsterdam ?<\/strong><\/h3>\n<p>Pas besoin de vous inqui\u00e9ter ! Restez connect\u00e9 avec nous pour ne manquer aucune mise \u00e0 jour sur nos derniers d\u00e9veloppements et nos prochains rendez-vous. Nous sommes impatients d&rsquo;\u00e9crire avec vous l&rsquo;histoire du parc de demain.  <\/p>\n\t\t\t\t\t\t<\/div>\n\t\t\t\t<\/div>\n\t\t\t\t\t<\/div>\n\t\t\t\t<\/div>\n\t\t\t\t<\/div>\n\t\t\t\t\t<\/div>\n\t\t\t\t<\/div>\n\t\t<div class=\"elementor-element elementor-element-1d5a3d5e e-flex e-con-boxed e-con e-parent\" data-id=\"1d5a3d5e\" data-element_type=\"container\" data-settings=\"{&quot;background_background&quot;:&quot;classic&quot;}\">\n\t\t\t\t\t<div class=\"e-con-inner\">\n\t\t\t\t<div class=\"elementor-element elementor-element-6493b698 elementor-widget__width-initial elementor-widget elementor-widget-text-editor\" data-id=\"6493b698\" data-element_type=\"widget\" data-widget_type=\"text-editor.default\">\n\t\t\t\t<div class=\"elementor-widget-container\">\n\t\t\t\t\t\t\t<p>L&rsquo;\u00e9quipe de Parkstory a particip\u00e9 avec Nectanet \u00e0 l&rsquo;EXPO REAL 2023 \u00e0 Munich du 4 au 7 octobre. jusqu&rsquo;au 06 octobre 2023 ! Une bonne occasion de faire connaissance, de pr\u00e9senter nos solutions de parking sur mesure et de discuter de vos projets en d\u00e9tail.<\/p>\n\t\t\t\t\t\t<\/div>\n\t\t\t\t<\/div>\n\t\t<div class=\"elementor-element elementor-element-3ee8dd5c e-flex e-con-boxed e-con e-child\" data-id=\"3ee8dd5c\" data-element_type=\"container\" data-settings=\"{&quot;background_background&quot;:&quot;classic&quot;}\">\n\t\t\t\t\t<div class=\"e-con-inner\">\n\t\t<div class=\"elementor-element elementor-element-5c4aac37 e-con-full e-flex e-con e-child\" data-id=\"5c4aac37\" data-element_type=\"container\" data-settings=\"{&quot;background_background&quot;:&quot;classic&quot;}\">\n\t\t<div class=\"elementor-element elementor-element-5a2047a6 e-flex e-con-boxed e-con e-child\" data-id=\"5a2047a6\" data-element_type=\"container\">\n\t\t\t\t\t<div class=\"e-con-inner\">\n\t\t<div class=\"elementor-element elementor-element-49117a6 e-flex e-con-boxed e-con e-child\" data-id=\"49117a6\" data-element_type=\"container\">\n\t\t\t\t\t<div class=\"e-con-inner\">\n\t\t\t\t<div class=\"elementor-element elementor-element-2fd341a0 elementor-widget elementor-widget-heading\" data-id=\"2fd341a0\" data-element_type=\"widget\" data-widget_type=\"heading.default\">\n\t\t\t\t<div class=\"elementor-widget-container\">\n\t\t\t<h3 class=\"elementor-heading-title elementor-size-default\">Ne manquez aucune actualit\u00e9<\/h3>\t\t<\/div>\n\t\t\t\t<\/div>\n\t\t\t\t<div class=\"elementor-element elementor-element-5f0a3e3 elementor-widget elementor-widget-heading\" data-id=\"5f0a3e3\" data-element_type=\"widget\" data-widget_type=\"heading.default\">\n\t\t\t\t<div class=\"elementor-widget-container\">\n\t\t\t<p class=\"elementor-heading-title elementor-size-default\">Nous vous informons des nouveaut\u00e9s sur LinkedIn.<\/p>\t\t<\/div>\n\t\t\t\t<\/div>\n\t\t\t\t<div class=\"elementor-element elementor-element-79dd4080 elementor-align-center elementor-widget elementor-widget-button\" data-id=\"79dd4080\" data-element_type=\"widget\" data-widget_type=\"button.default\">\n\t\t\t\t<div class=\"elementor-widget-container\">\n\t\t\t\t\t<div class=\"elementor-button-wrapper\">\n\t\t\t<a class=\"elementor-button elementor-button-link elementor-size-sm\" href=\"https:\/\/www.linkedin.com\/company\/parkstory\">\n\t\t\t\t\t\t<span class=\"elementor-button-content-wrapper\">\n\t\t\t\t\t\t<span class=\"elementor-button-icon\">\n\t\t\t\t\t\t\t<\/span>\n\t\t\t\t\t\t\t\t\t<span class=\"elementor-button-text\">LinkedIn<\/span>\n\t\t\t\t\t<\/span>\n\t\t\t\t\t<\/a>\n\t\t<\/div>\n\t\t\t\t<\/div>\n\t\t\t\t<\/div>\n\t\t\t\t\t<\/div>\n\t\t\t\t<\/div>\n\t\t\t\t\t<\/div>\n\t\t\t\t<\/div>\n\t\t\t\t<\/div>\n\t\t\t\t\t<\/div>\n\t\t\t\t<\/div>\n\t\t\t\t\t<\/div>\n\t\t\t\t<\/div>\n\t\t\t\t<\/div>\n\t\t","protected":false},"excerpt":{"rendered":"<p>Parkstory fait le bilan d&rsquo;un Intertraffic Amsterdam 2026 r\u00e9ussi. D\u00e9couvrez nos temps forts sur l&rsquo;avenir de la mobilit\u00e9 urbaine ! <\/p>\n","protected":false},"author":6,"featured_media":19917,"comment_status":"closed","ping_status":"open","sticky":false,"template":"","format":"standard","meta":{"footnotes":""},"categories":[48],"tags":[],"class_list":["post-19941","post","type-post","status-publish","format-standard","has-post-thumbnail","hentry","category-actualites"],"yoast_head":"<!-- This site is optimized with the Yoast SEO plugin v23.4 - https:\/\/yoast.com\/wordpress\/plugins\/seo\/ -->\n<title>R\u00e9trospective de l&#039;\u00e9v\u00e9nement : Intertraffic 2026 \u00e0 Amsterdam - Parkstory<\/title>\n<meta name=\"description\" content=\"D\u00e9couvrir en direct des solutions de stationnement peu encombrantes : Parkstory fait le bilan d&#039;un Intertraffic Amsterdam 2026 r\u00e9ussi. D\u00e9couvrez nos points forts sur l&#039;avenir de la mobilit\u00e9 urbaine ! \ud83d\ude9a \ud83d\ude97\" \/>\n<meta name=\"robots\" content=\"index, follow, max-snippet:-1, max-image-preview:large, max-video-preview:-1\" \/>\n<link rel=\"canonical\" href=\"https:\/\/parkstory.com\/fr\/2026\/03\/16\/retrospective-de-levenement-intertraffic-2026-a-amsterdam\/\" \/>\n<meta property=\"og:locale\" content=\"fr_FR\" \/>\n<meta property=\"og:type\" content=\"article\" \/>\n<meta property=\"og:title\" content=\"R\u00e9trospective de l&#039;\u00e9v\u00e9nement : Intertraffic 2026 \u00e0 Amsterdam - Parkstory\" \/>\n<meta property=\"og:description\" content=\"D\u00e9couvrir en direct des solutions de stationnement peu encombrantes : Parkstory fait le bilan d&#039;un Intertraffic Amsterdam 2026 r\u00e9ussi. D\u00e9couvrez nos points forts sur l&#039;avenir de la mobilit\u00e9 urbaine ! \ud83d\ude9a \ud83d\ude97\" \/>\n<meta property=\"og:url\" content=\"https:\/\/parkstory.com\/fr\/2026\/03\/16\/retrospective-de-levenement-intertraffic-2026-a-amsterdam\/\" \/>\n<meta property=\"og:site_name\" content=\"Parkstory\" \/>\n<meta property=\"article:published_time\" content=\"2026-03-16T13:26:00+00:00\" \/>\n<meta property=\"article:modified_time\" content=\"2026-04-30T14:23:07+00:00\" \/>\n<meta property=\"og:image\" content=\"https:\/\/parkstory.com\/wp-content\/uploads\/2026\/04\/Parkstory-auf-der-Intertraffic-Amsterdam-2026_.jpg\" \/>\n\t<meta property=\"og:image:width\" content=\"1120\" \/>\n\t<meta property=\"og:image:height\" content=\"630\" \/>\n\t<meta property=\"og:image:type\" content=\"image\/jpeg\" \/>\n<meta name=\"author\" content=\"Daniela Weise\" \/>\n<meta name=\"twitter:card\" content=\"summary_large_image\" \/>\n<meta name=\"twitter:label1\" content=\"\u00c9crit par\" \/>\n\t<meta name=\"twitter:data1\" content=\"Daniela Weise\" \/>\n\t<meta name=\"twitter:label2\" content=\"Dur\u00e9e de lecture estim\u00e9e\" \/>\n\t<meta name=\"twitter:data2\" content=\"3 minutes\" \/>\n<script type=\"application\/ld+json\" class=\"yoast-schema-graph\">{\"@context\":\"https:\/\/schema.org\",\"@graph\":[{\"@type\":\"Article\",\"@id\":\"https:\/\/parkstory.com\/fr\/2026\/03\/16\/retrospective-de-levenement-intertraffic-2026-a-amsterdam\/#article\",\"isPartOf\":{\"@id\":\"https:\/\/parkstory.com\/fr\/2026\/03\/16\/retrospective-de-levenement-intertraffic-2026-a-amsterdam\/\"},\"author\":{\"name\":\"Daniela Weise\",\"@id\":\"https:\/\/parkstory.com\/fr\/#\/schema\/person\/384bc86e83340928af0b8dbea0b30e37\"},\"headline\":\"R\u00e9trospective de l&rsquo;\u00e9v\u00e9nement : Intertraffic 2026 \u00e0 Amsterdam\",\"datePublished\":\"2026-03-16T13:26:00+00:00\",\"dateModified\":\"2026-04-30T14:23:07+00:00\",\"mainEntityOfPage\":{\"@id\":\"https:\/\/parkstory.com\/fr\/2026\/03\/16\/retrospective-de-levenement-intertraffic-2026-a-amsterdam\/\"},\"wordCount\":525,\"publisher\":{\"@id\":\"https:\/\/parkstory.com\/fr\/#organization\"},\"image\":{\"@id\":\"https:\/\/parkstory.com\/fr\/2026\/03\/16\/retrospective-de-levenement-intertraffic-2026-a-amsterdam\/#primaryimage\"},\"thumbnailUrl\":\"https:\/\/parkstory.com\/wp-content\/uploads\/2026\/04\/Parkstory-auf-der-Intertraffic-Amsterdam-2026_.jpg\",\"articleSection\":[\"Actualit\u00e9s\"],\"inLanguage\":\"fr-FR\"},{\"@type\":\"WebPage\",\"@id\":\"https:\/\/parkstory.com\/fr\/2026\/03\/16\/retrospective-de-levenement-intertraffic-2026-a-amsterdam\/\",\"url\":\"https:\/\/parkstory.com\/fr\/2026\/03\/16\/retrospective-de-levenement-intertraffic-2026-a-amsterdam\/\",\"name\":\"R\u00e9trospective de l'\u00e9v\u00e9nement : Intertraffic 2026 \u00e0 Amsterdam - Parkstory\",\"isPartOf\":{\"@id\":\"https:\/\/parkstory.com\/fr\/#website\"},\"primaryImageOfPage\":{\"@id\":\"https:\/\/parkstory.com\/fr\/2026\/03\/16\/retrospective-de-levenement-intertraffic-2026-a-amsterdam\/#primaryimage\"},\"image\":{\"@id\":\"https:\/\/parkstory.com\/fr\/2026\/03\/16\/retrospective-de-levenement-intertraffic-2026-a-amsterdam\/#primaryimage\"},\"thumbnailUrl\":\"https:\/\/parkstory.com\/wp-content\/uploads\/2026\/04\/Parkstory-auf-der-Intertraffic-Amsterdam-2026_.jpg\",\"datePublished\":\"2026-03-16T13:26:00+00:00\",\"dateModified\":\"2026-04-30T14:23:07+00:00\",\"description\":\"D\u00e9couvrir en direct des solutions de stationnement peu encombrantes : Parkstory fait le bilan d'un Intertraffic Amsterdam 2026 r\u00e9ussi. D\u00e9couvrez nos points forts sur l'avenir de la mobilit\u00e9 urbaine ! \ud83d\ude9a \ud83d\ude97\",\"breadcrumb\":{\"@id\":\"https:\/\/parkstory.com\/fr\/2026\/03\/16\/retrospective-de-levenement-intertraffic-2026-a-amsterdam\/#breadcrumb\"},\"inLanguage\":\"fr-FR\",\"potentialAction\":[{\"@type\":\"ReadAction\",\"target\":[\"https:\/\/parkstory.com\/fr\/2026\/03\/16\/retrospective-de-levenement-intertraffic-2026-a-amsterdam\/\"]}]},{\"@type\":\"ImageObject\",\"inLanguage\":\"fr-FR\",\"@id\":\"https:\/\/parkstory.com\/fr\/2026\/03\/16\/retrospective-de-levenement-intertraffic-2026-a-amsterdam\/#primaryimage\",\"url\":\"https:\/\/parkstory.com\/wp-content\/uploads\/2026\/04\/Parkstory-auf-der-Intertraffic-Amsterdam-2026_.jpg\",\"contentUrl\":\"https:\/\/parkstory.com\/wp-content\/uploads\/2026\/04\/Parkstory-auf-der-Intertraffic-Amsterdam-2026_.jpg\",\"width\":1120,\"height\":630},{\"@type\":\"BreadcrumbList\",\"@id\":\"https:\/\/parkstory.com\/fr\/2026\/03\/16\/retrospective-de-levenement-intertraffic-2026-a-amsterdam\/#breadcrumb\",\"itemListElement\":[{\"@type\":\"ListItem\",\"position\":1,\"name\":\"Home\",\"item\":\"https:\/\/parkstory.com\/fr\/\"},{\"@type\":\"ListItem\",\"position\":2,\"name\":\"R\u00e9trospective de l&#8217;\u00e9v\u00e9nement : Intertraffic 2026 \u00e0 Amsterdam\"}]},{\"@type\":\"WebSite\",\"@id\":\"https:\/\/parkstory.com\/fr\/#website\",\"url\":\"https:\/\/parkstory.com\/fr\/\",\"name\":\"Parkstory\",\"description\":\"\",\"publisher\":{\"@id\":\"https:\/\/parkstory.com\/fr\/#organization\"},\"potentialAction\":[{\"@type\":\"SearchAction\",\"target\":{\"@type\":\"EntryPoint\",\"urlTemplate\":\"https:\/\/parkstory.com\/fr\/?s={search_term_string}\"},\"query-input\":{\"@type\":\"PropertyValueSpecification\",\"valueRequired\":true,\"valueName\":\"search_term_string\"}}],\"inLanguage\":\"fr-FR\"},{\"@type\":\"Organization\",\"@id\":\"https:\/\/parkstory.com\/fr\/#organization\",\"name\":\"Parkstory\",\"url\":\"https:\/\/parkstory.com\/fr\/\",\"logo\":{\"@type\":\"ImageObject\",\"inLanguage\":\"fr-FR\",\"@id\":\"https:\/\/parkstory.com\/fr\/#\/schema\/logo\/image\/\",\"url\":\"https:\/\/parkstory.com\/wp-content\/uploads\/2024\/01\/ps_logo_farbe_einfach_RGB.png\",\"contentUrl\":\"https:\/\/parkstory.com\/wp-content\/uploads\/2024\/01\/ps_logo_farbe_einfach_RGB.png\",\"width\":1668,\"height\":1266,\"caption\":\"Parkstory\"},\"image\":{\"@id\":\"https:\/\/parkstory.com\/fr\/#\/schema\/logo\/image\/\"}},{\"@type\":\"Person\",\"@id\":\"https:\/\/parkstory.com\/fr\/#\/schema\/person\/384bc86e83340928af0b8dbea0b30e37\",\"name\":\"Daniela Weise\",\"image\":{\"@type\":\"ImageObject\",\"inLanguage\":\"fr-FR\",\"@id\":\"https:\/\/parkstory.com\/fr\/#\/schema\/person\/image\/\",\"url\":\"https:\/\/secure.gravatar.com\/avatar\/780dac490ba6966bf60a4153b3ddfdb749c14df3dd0b6d79b46c7cdf0338bc8c?s=96&d=mm&r=g\",\"contentUrl\":\"https:\/\/secure.gravatar.com\/avatar\/780dac490ba6966bf60a4153b3ddfdb749c14df3dd0b6d79b46c7cdf0338bc8c?s=96&d=mm&r=g\",\"caption\":\"Daniela Weise\"},\"url\":\"https:\/\/parkstory.com\/fr\/author\/dweise\/\"}]}<\/script>\n<!-- \/ Yoast SEO plugin. -->","yoast_head_json":{"title":"R\u00e9trospective de l'\u00e9v\u00e9nement : Intertraffic 2026 \u00e0 Amsterdam - Parkstory","description":"D\u00e9couvrir en direct des solutions de stationnement peu encombrantes : Parkstory fait le bilan d'un Intertraffic Amsterdam 2026 r\u00e9ussi. D\u00e9couvrez nos points forts sur l'avenir de la mobilit\u00e9 urbaine ! \ud83d\ude9a \ud83d\ude97","robots":{"index":"index","follow":"follow","max-snippet":"max-snippet:-1","max-image-preview":"max-image-preview:large","max-video-preview":"max-video-preview:-1"},"canonical":"https:\/\/parkstory.com\/fr\/2026\/03\/16\/retrospective-de-levenement-intertraffic-2026-a-amsterdam\/","og_locale":"fr_FR","og_type":"article","og_title":"R\u00e9trospective de l'\u00e9v\u00e9nement : Intertraffic 2026 \u00e0 Amsterdam - Parkstory","og_description":"D\u00e9couvrir en direct des solutions de stationnement peu encombrantes : Parkstory fait le bilan d'un Intertraffic Amsterdam 2026 r\u00e9ussi. D\u00e9couvrez nos points forts sur l'avenir de la mobilit\u00e9 urbaine ! \ud83d\ude9a \ud83d\ude97","og_url":"https:\/\/parkstory.com\/fr\/2026\/03\/16\/retrospective-de-levenement-intertraffic-2026-a-amsterdam\/","og_site_name":"Parkstory","article_published_time":"2026-03-16T13:26:00+00:00","article_modified_time":"2026-04-30T14:23:07+00:00","og_image":[{"width":1120,"height":630,"url":"https:\/\/parkstory.com\/wp-content\/uploads\/2026\/04\/Parkstory-auf-der-Intertraffic-Amsterdam-2026_.jpg","type":"image\/jpeg"}],"author":"Daniela Weise","twitter_card":"summary_large_image","twitter_misc":{"\u00c9crit par":"Daniela Weise","Dur\u00e9e de lecture estim\u00e9e":"3 minutes"},"schema":{"@context":"https:\/\/schema.org","@graph":[{"@type":"Article","@id":"https:\/\/parkstory.com\/fr\/2026\/03\/16\/retrospective-de-levenement-intertraffic-2026-a-amsterdam\/#article","isPartOf":{"@id":"https:\/\/parkstory.com\/fr\/2026\/03\/16\/retrospective-de-levenement-intertraffic-2026-a-amsterdam\/"},"author":{"name":"Daniela Weise","@id":"https:\/\/parkstory.com\/fr\/#\/schema\/person\/384bc86e83340928af0b8dbea0b30e37"},"headline":"R\u00e9trospective de l&rsquo;\u00e9v\u00e9nement : Intertraffic 2026 \u00e0 Amsterdam","datePublished":"2026-03-16T13:26:00+00:00","dateModified":"2026-04-30T14:23:07+00:00","mainEntityOfPage":{"@id":"https:\/\/parkstory.com\/fr\/2026\/03\/16\/retrospective-de-levenement-intertraffic-2026-a-amsterdam\/"},"wordCount":525,"publisher":{"@id":"https:\/\/parkstory.com\/fr\/#organization"},"image":{"@id":"https:\/\/parkstory.com\/fr\/2026\/03\/16\/retrospective-de-levenement-intertraffic-2026-a-amsterdam\/#primaryimage"},"thumbnailUrl":"https:\/\/parkstory.com\/wp-content\/uploads\/2026\/04\/Parkstory-auf-der-Intertraffic-Amsterdam-2026_.jpg","articleSection":["Actualit\u00e9s"],"inLanguage":"fr-FR"},{"@type":"WebPage","@id":"https:\/\/parkstory.com\/fr\/2026\/03\/16\/retrospective-de-levenement-intertraffic-2026-a-amsterdam\/","url":"https:\/\/parkstory.com\/fr\/2026\/03\/16\/retrospective-de-levenement-intertraffic-2026-a-amsterdam\/","name":"R\u00e9trospective de l'\u00e9v\u00e9nement : Intertraffic 2026 \u00e0 Amsterdam - Parkstory","isPartOf":{"@id":"https:\/\/parkstory.com\/fr\/#website"},"primaryImageOfPage":{"@id":"https:\/\/parkstory.com\/fr\/2026\/03\/16\/retrospective-de-levenement-intertraffic-2026-a-amsterdam\/#primaryimage"},"image":{"@id":"https:\/\/parkstory.com\/fr\/2026\/03\/16\/retrospective-de-levenement-intertraffic-2026-a-amsterdam\/#primaryimage"},"thumbnailUrl":"https:\/\/parkstory.com\/wp-content\/uploads\/2026\/04\/Parkstory-auf-der-Intertraffic-Amsterdam-2026_.jpg","datePublished":"2026-03-16T13:26:00+00:00","dateModified":"2026-04-30T14:23:07+00:00","description":"D\u00e9couvrir en direct des solutions de stationnement peu encombrantes : Parkstory fait le bilan d'un Intertraffic Amsterdam 2026 r\u00e9ussi. D\u00e9couvrez nos points forts sur l'avenir de la mobilit\u00e9 urbaine ! \ud83d\ude9a \ud83d\ude97","breadcrumb":{"@id":"https:\/\/parkstory.com\/fr\/2026\/03\/16\/retrospective-de-levenement-intertraffic-2026-a-amsterdam\/#breadcrumb"},"inLanguage":"fr-FR","potentialAction":[{"@type":"ReadAction","target":["https:\/\/parkstory.com\/fr\/2026\/03\/16\/retrospective-de-levenement-intertraffic-2026-a-amsterdam\/"]}]},{"@type":"ImageObject","inLanguage":"fr-FR","@id":"https:\/\/parkstory.com\/fr\/2026\/03\/16\/retrospective-de-levenement-intertraffic-2026-a-amsterdam\/#primaryimage","url":"https:\/\/parkstory.com\/wp-content\/uploads\/2026\/04\/Parkstory-auf-der-Intertraffic-Amsterdam-2026_.jpg","contentUrl":"https:\/\/parkstory.com\/wp-content\/uploads\/2026\/04\/Parkstory-auf-der-Intertraffic-Amsterdam-2026_.jpg","width":1120,"height":630},{"@type":"BreadcrumbList","@id":"https:\/\/parkstory.com\/fr\/2026\/03\/16\/retrospective-de-levenement-intertraffic-2026-a-amsterdam\/#breadcrumb","itemListElement":[{"@type":"ListItem","position":1,"name":"Home","item":"https:\/\/parkstory.com\/fr\/"},{"@type":"ListItem","position":2,"name":"R\u00e9trospective de l&#8217;\u00e9v\u00e9nement : Intertraffic 2026 \u00e0 Amsterdam"}]},{"@type":"WebSite","@id":"https:\/\/parkstory.com\/fr\/#website","url":"https:\/\/parkstory.com\/fr\/","name":"Parkstory","description":"","publisher":{"@id":"https:\/\/parkstory.com\/fr\/#organization"},"potentialAction":[{"@type":"SearchAction","target":{"@type":"EntryPoint","urlTemplate":"https:\/\/parkstory.com\/fr\/?s={search_term_string}"},"query-input":{"@type":"PropertyValueSpecification","valueRequired":true,"valueName":"search_term_string"}}],"inLanguage":"fr-FR"},{"@type":"Organization","@id":"https:\/\/parkstory.com\/fr\/#organization","name":"Parkstory","url":"https:\/\/parkstory.com\/fr\/","logo":{"@type":"ImageObject","inLanguage":"fr-FR","@id":"https:\/\/parkstory.com\/fr\/#\/schema\/logo\/image\/","url":"https:\/\/parkstory.com\/wp-content\/uploads\/2024\/01\/ps_logo_farbe_einfach_RGB.png","contentUrl":"https:\/\/parkstory.com\/wp-content\/uploads\/2024\/01\/ps_logo_farbe_einfach_RGB.png","width":1668,"height":1266,"caption":"Parkstory"},"image":{"@id":"https:\/\/parkstory.com\/fr\/#\/schema\/logo\/image\/"}},{"@type":"Person","@id":"https:\/\/parkstory.com\/fr\/#\/schema\/person\/384bc86e83340928af0b8dbea0b30e37","name":"Daniela Weise","image":{"@type":"ImageObject","inLanguage":"fr-FR","@id":"https:\/\/parkstory.com\/fr\/#\/schema\/person\/image\/","url":"https:\/\/secure.gravatar.com\/avatar\/780dac490ba6966bf60a4153b3ddfdb749c14df3dd0b6d79b46c7cdf0338bc8c?s=96&d=mm&r=g","contentUrl":"https:\/\/secure.gravatar.com\/avatar\/780dac490ba6966bf60a4153b3ddfdb749c14df3dd0b6d79b46c7cdf0338bc8c?s=96&d=mm&r=g","caption":"Daniela Weise"},"url":"https:\/\/parkstory.com\/fr\/author\/dweise\/"}]}},"_links":{"self":[{"href":"https:\/\/parkstory.com\/fr\/wp-json\/wp\/v2\/posts\/19941","targetHints":{"allow":["GET"]}}],"collection":[{"href":"https:\/\/parkstory.com\/fr\/wp-json\/wp\/v2\/posts"}],"about":[{"href":"https:\/\/parkstory.com\/fr\/wp-json\/wp\/v2\/types\/post"}],"author":[{"embeddable":true,"href":"https:\/\/parkstory.com\/fr\/wp-json\/wp\/v2\/users\/6"}],"replies":[{"embeddable":true,"href":"https:\/\/parkstory.com\/fr\/wp-json\/wp\/v2\/comments?post=19941"}],"version-history":[{"count":1,"href":"https:\/\/parkstory.com\/fr\/wp-json\/wp\/v2\/posts\/19941\/revisions"}],"predecessor-version":[{"id":19943,"href":"https:\/\/parkstory.com\/fr\/wp-json\/wp\/v2\/posts\/19941\/revisions\/19943"}],"wp:featuredmedia":[{"embeddable":true,"href":"https:\/\/parkstory.com\/fr\/wp-json\/wp\/v2\/media\/19917"}],"wp:attachment":[{"href":"https:\/\/parkstory.com\/fr\/wp-json\/wp\/v2\/media?parent=19941"}],"wp:term":[{"taxonomy":"category","embeddable":true,"href":"https:\/\/parkstory.com\/fr\/wp-json\/wp\/v2\/categories?post=19941"},{"taxonomy":"post_tag","embeddable":true,"href":"https:\/\/parkstory.com\/fr\/wp-json\/wp\/v2\/tags?post=19941"}],"curies":[{"name":"wp","href":"https:\/\/api.w.org\/{rel}","templated":true}]}}