{"id":18815,"date":"2024-10-09T15:00:19","date_gmt":"2024-10-09T15:00:19","guid":{"rendered":"https:\/\/parkstory.com\/2024\/10\/22\/expo-real-2024-a-munich\/"},"modified":"2026-04-16T13:18:51","modified_gmt":"2026-04-16T13:18:51","slug":"expo-real-2024-a-munich","status":"publish","type":"post","link":"https:\/\/parkstory.com\/fr\/2024\/10\/09\/expo-real-2024-a-munich\/","title":{"rendered":"EXPO REAL 2024 \u00e0 Munich"},"content":{"rendered":"\t\t<div data-elementor-type=\"wp-post\" data-elementor-id=\"18815\" class=\"elementor elementor-18815 elementor-18790\" data-elementor-post-type=\"post\">\n\t\t\t\t<div class=\"elementor-element elementor-element-570ceca0 e-flex e-con-boxed e-con e-parent\" data-id=\"570ceca0\" data-element_type=\"container\">\n\t\t\t\t\t<div class=\"e-con-inner\">\n\t\t\t\t<div class=\"elementor-element elementor-element-120e4d97 elementor-widget__width-initial elementor-widget elementor-widget-text-editor\" data-id=\"120e4d97\" data-element_type=\"widget\" data-widget_type=\"text-editor.default\">\n\t\t\t\t<div class=\"elementor-widget-container\">\n\t\t\t\t\t\t\t<p>L&rsquo;\u00e9quipe de Parkstory a particip\u00e9 avec Nectanet \u00e0 l&rsquo;EXPO REAL 2023 \u00e0 Munich du 4 au 7 octobre. jusqu&rsquo;au 06 octobre 2023 ! Une bonne occasion de faire connaissance, de pr\u00e9senter nos solutions de parking sur mesure et de discuter de vos projets en d\u00e9tail.<\/p>\n\t\t\t\t\t\t<\/div>\n\t\t\t\t<\/div>\n\t\t<div class=\"elementor-element elementor-element-3a2df1bf e-flex e-con-boxed e-con e-child\" data-id=\"3a2df1bf\" data-element_type=\"container\">\n\t\t\t\t\t<div class=\"e-con-inner\">\n\t\t\t\t\t<\/div>\n\t\t\t\t<\/div>\n\t\t<div class=\"elementor-element elementor-element-585812f6 e-con-full e-flex e-con e-child\" data-id=\"585812f6\" data-element_type=\"container\">\n\t\t<div class=\"elementor-element elementor-element-75e7eafa e-con-full e-flex e-con e-child\" data-id=\"75e7eafa\" data-element_type=\"container\">\n\t\t\t\t<div class=\"elementor-element elementor-element-29e70799 elementor-widget elementor-widget-image\" data-id=\"29e70799\" data-element_type=\"widget\" data-widget_type=\"image.default\">\n\t\t\t\t<div class=\"elementor-widget-container\">\n\t\t\t\t\t\t\t\t\t\t<figure class=\"wp-caption\">\n\t\t\t\t\t\t\t\t\t\t<img fetchpriority=\"high\" decoding=\"async\" width=\"800\" height=\"450\" src=\"https:\/\/parkstory.com\/wp-content\/uploads\/2024\/10\/Exop-Real-2024_-1024x576.jpg\" class=\"attachment-large size-large wp-image-18795\" alt=\"\" srcset=\"https:\/\/parkstory.com\/wp-content\/uploads\/2024\/10\/Exop-Real-2024_-1024x576.jpg 1024w, https:\/\/parkstory.com\/wp-content\/uploads\/2024\/10\/Exop-Real-2024_-300x169.jpg 300w, https:\/\/parkstory.com\/wp-content\/uploads\/2024\/10\/Exop-Real-2024_-768x432.jpg 768w, https:\/\/parkstory.com\/wp-content\/uploads\/2024\/10\/Exop-Real-2024_.jpg 1120w\" sizes=\"(max-width: 800px) 100vw, 800px\" \/>\t\t\t\t\t\t\t\t\t\t\t<figcaption class=\"widget-image-caption wp-caption-text\">J\u00fcrgen Lukas (CEO), Nicole Razavi et Florian Pfefferle (CPO)<\/figcaption>\n\t\t\t\t\t\t\t\t\t\t<\/figure>\n\t\t\t\t\t\t\t<\/div>\n\t\t\t\t<\/div>\n\t\t\t\t<\/div>\n\t\t<div class=\"elementor-element elementor-element-4ab0e2c9 e-flex e-con-boxed e-con e-child\" data-id=\"4ab0e2c9\" data-element_type=\"container\">\n\t\t\t\t\t<div class=\"e-con-inner\">\n\t\t\t\t<div class=\"elementor-element elementor-element-620a45f7 elementor-widget__width-initial elementor-widget elementor-widget-text-editor\" data-id=\"620a45f7\" data-element_type=\"widget\" data-widget_type=\"text-editor.default\">\n\t\t\t\t<div class=\"elementor-widget-container\">\n\t\t\t\t\t\t\t<p>Le maire Wolfram Britz est venu visiter notre usine de production \u00e0 Kehl, en Allemagne. L&rsquo;\u00e9quipe Parkstory a profit\u00e9 de cette occasion pour discuter de la coop\u00e9ration internationale avec la ville de Kehl et pour pr\u00e9senter nos technologies innovantes ainsi que nos projets en cours dans le monde entier !<\/p>\n\t\t\t\t\t\t<\/div>\n\t\t\t\t<\/div>\n\t\t\t\t<div class=\"elementor-element elementor-element-6cd29484 elementor-widget elementor-widget-heading\" data-id=\"6cd29484\" data-element_type=\"widget\" data-widget_type=\"heading.default\">\n\t\t\t\t<div class=\"elementor-widget-container\">\n\t\t\t<h2 class=\"elementor-heading-title elementor-size-default\">EXPO REAL 2024 \u00e0 Munich<\/h2>\t\t<\/div>\n\t\t\t\t<\/div>\n\t\t\t\t<div class=\"elementor-element elementor-element-16cc97f3 elementor-widget-mobile__width-initial elementor-widget elementor-widget-heading\" data-id=\"16cc97f3\" data-element_type=\"widget\" data-widget_type=\"heading.default\">\n\t\t\t\t<div class=\"elementor-widget-container\">\n\t\t\t<h4 class=\"elementor-heading-title elementor-size-default\">Salon international de l'immobilier et de l'investissement<\/h4>\t\t<\/div>\n\t\t\t\t<\/div>\n\t\t\t\t<div class=\"elementor-element elementor-element-3a9a35ef elementor-widget__width-initial elementor-widget elementor-widget-text-editor\" data-id=\"3a9a35ef\" data-element_type=\"widget\" data-widget_type=\"text-editor.default\">\n\t\t\t\t<div class=\"elementor-widget-container\">\n\t\t\t\t\t\t\t<p>Cette ann\u00e9e encore, Parkstory \u00e9tait pr\u00e9sent \u00e0 l&rsquo;EXPO REAL 2024 \u00e0 Munich du 7 au 9 octobre 2024, en collaboration avec Nectanet. Nous sommes heureux d&rsquo;avoir re\u00e7u la visite de la ministre Nicole Razavi sur notre stand. <\/p>\n\t\t\t\t\t\t<\/div>\n\t\t\t\t<\/div>\n\t\t\t\t<div class=\"elementor-element elementor-element-2dd33fda elementor-widget elementor-widget-button\" data-id=\"2dd33fda\" data-element_type=\"widget\" data-widget_type=\"button.default\">\n\t\t\t\t<div class=\"elementor-widget-container\">\n\t\t\t\t\t<div class=\"elementor-button-wrapper\">\n\t\t\t<a class=\"elementor-button elementor-button-link elementor-size-sm\" href=\"https:\/\/exporeal.net\/de\/\" target=\"_blank\">\n\t\t\t\t\t\t<span class=\"elementor-button-content-wrapper\">\n\t\t\t\t\t\t\t\t\t<span class=\"elementor-button-text\">En savoir plus<\/span>\n\t\t\t\t\t<\/span>\n\t\t\t\t\t<\/a>\n\t\t<\/div>\n\t\t\t\t<\/div>\n\t\t\t\t<\/div>\n\t\t\t\t\t<\/div>\n\t\t\t\t<\/div>\n\t\t\t\t<\/div>\n\t\t\t\t\t<\/div>\n\t\t\t\t<\/div>\n\t\t<div class=\"elementor-element elementor-element-385a1eb e-flex e-con-boxed e-con e-parent\" data-id=\"385a1eb\" data-element_type=\"container\" data-settings=\"{&quot;background_background&quot;:&quot;classic&quot;}\">\n\t\t\t\t\t<div class=\"e-con-inner\">\n\t\t\t\t<div class=\"elementor-element elementor-element-5c362a3 elementor-widget__width-initial elementor-widget elementor-widget-text-editor\" data-id=\"5c362a3\" data-element_type=\"widget\" data-widget_type=\"text-editor.default\">\n\t\t\t\t<div class=\"elementor-widget-container\">\n\t\t\t\t\t\t\t<p>L&rsquo;\u00e9quipe de Parkstory a particip\u00e9 avec Nectanet \u00e0 l&rsquo;EXPO REAL 2023 \u00e0 Munich du 4 au 7 octobre. jusqu&rsquo;au 06 octobre 2023 ! Une bonne occasion de faire connaissance, de pr\u00e9senter nos solutions de parking sur mesure et de discuter de vos projets en d\u00e9tail.<\/p>\n\t\t\t\t\t\t<\/div>\n\t\t\t\t<\/div>\n\t\t<div class=\"elementor-element elementor-element-636c065a e-flex e-con-boxed e-con e-child\" data-id=\"636c065a\" data-element_type=\"container\" data-settings=\"{&quot;background_background&quot;:&quot;classic&quot;}\">\n\t\t\t\t\t<div class=\"e-con-inner\">\n\t\t<div class=\"elementor-element elementor-element-68120a38 e-con-full e-flex e-con e-child\" data-id=\"68120a38\" data-element_type=\"container\" data-settings=\"{&quot;background_background&quot;:&quot;classic&quot;}\">\n\t\t<div class=\"elementor-element elementor-element-4e0a53bf e-flex e-con-boxed e-con e-child\" data-id=\"4e0a53bf\" data-element_type=\"container\">\n\t\t\t\t\t<div class=\"e-con-inner\">\n\t\t<div class=\"elementor-element elementor-element-3b163939 e-flex e-con-boxed e-con e-child\" data-id=\"3b163939\" data-element_type=\"container\">\n\t\t\t\t\t<div class=\"e-con-inner\">\n\t\t\t\t<div class=\"elementor-element elementor-element-161c693e elementor-widget elementor-widget-heading\" data-id=\"161c693e\" data-element_type=\"widget\" data-widget_type=\"heading.default\">\n\t\t\t\t<div class=\"elementor-widget-container\">\n\t\t\t<h3 class=\"elementor-heading-title elementor-size-default\">Ne manquez aucune actualit\u00e9<\/h3>\t\t<\/div>\n\t\t\t\t<\/div>\n\t\t\t\t<div class=\"elementor-element elementor-element-8b278f2 elementor-widget elementor-widget-heading\" data-id=\"8b278f2\" data-element_type=\"widget\" data-widget_type=\"heading.default\">\n\t\t\t\t<div class=\"elementor-widget-container\">\n\t\t\t<p class=\"elementor-heading-title elementor-size-default\">Nous vous informons des nouveaut\u00e9s sur LinkedIn.<\/p>\t\t<\/div>\n\t\t\t\t<\/div>\n\t\t\t\t<div class=\"elementor-element elementor-element-63b6a4c3 elementor-align-center elementor-widget elementor-widget-button\" data-id=\"63b6a4c3\" data-element_type=\"widget\" data-widget_type=\"button.default\">\n\t\t\t\t<div class=\"elementor-widget-container\">\n\t\t\t\t\t<div class=\"elementor-button-wrapper\">\n\t\t\t<a class=\"elementor-button elementor-button-link elementor-size-sm\" href=\"https:\/\/www.linkedin.com\/company\/parkstory\">\n\t\t\t\t\t\t<span class=\"elementor-button-content-wrapper\">\n\t\t\t\t\t\t<span class=\"elementor-button-icon\">\n\t\t\t\t\t\t\t<\/span>\n\t\t\t\t\t\t\t\t\t<span class=\"elementor-button-text\">LinkedIn<\/span>\n\t\t\t\t\t<\/span>\n\t\t\t\t\t<\/a>\n\t\t<\/div>\n\t\t\t\t<\/div>\n\t\t\t\t<\/div>\n\t\t\t\t\t<\/div>\n\t\t\t\t<\/div>\n\t\t\t\t\t<\/div>\n\t\t\t\t<\/div>\n\t\t\t\t<\/div>\n\t\t\t\t\t<\/div>\n\t\t\t\t<\/div>\n\t\t\t\t\t<\/div>\n\t\t\t\t<\/div>\n\t\t\t\t<\/div>\n\t\t","protected":false},"excerpt":{"rendered":"<p>Cette ann\u00e9e encore, Parkstory \u00e9tait pr\u00e9sent \u00e0 l&rsquo;EXPO REAL 2024 \u00e0 Munich du 7 au 9 octobre 2024, en collaboration avec Nectanet.  <\/p>\n","protected":false},"author":6,"featured_media":18817,"comment_status":"closed","ping_status":"open","sticky":false,"template":"","format":"standard","meta":{"footnotes":""},"categories":[71],"tags":[],"class_list":["post-18815","post","type-post","status-publish","format-standard","has-post-thumbnail","hentry","category-noticias"],"yoast_head":"<!-- This site is optimized with the Yoast SEO plugin v23.4 - https:\/\/yoast.com\/wordpress\/plugins\/seo\/ -->\n<title>EXPO REAL 2024 \u00e0 Munich - Parkstory<\/title>\n<meta name=\"description\" content=\"Cette ann\u00e9e encore, Parkstory a particip\u00e9 \u00e0 l&#039;EXPO REAL 2024 \u00e0 Munich avec Nectanet et a \u00e9largi son r\u00e9seau.\" \/>\n<meta name=\"robots\" content=\"index, follow, max-snippet:-1, max-image-preview:large, max-video-preview:-1\" \/>\n<link rel=\"canonical\" href=\"https:\/\/parkstory.com\/fr\/2024\/10\/09\/expo-real-2024-a-munich\/\" \/>\n<meta property=\"og:locale\" content=\"fr_FR\" \/>\n<meta property=\"og:type\" content=\"article\" \/>\n<meta property=\"og:title\" content=\"EXPO REAL 2024 \u00e0 Munich - Parkstory\" \/>\n<meta property=\"og:description\" content=\"Cette ann\u00e9e encore, Parkstory a particip\u00e9 \u00e0 l&#039;EXPO REAL 2024 \u00e0 Munich avec Nectanet et a \u00e9largi son r\u00e9seau.\" \/>\n<meta property=\"og:url\" content=\"https:\/\/parkstory.com\/fr\/2024\/10\/09\/expo-real-2024-a-munich\/\" \/>\n<meta property=\"og:site_name\" content=\"Parkstory\" \/>\n<meta property=\"article:published_time\" content=\"2024-10-09T15:00:19+00:00\" \/>\n<meta property=\"article:modified_time\" content=\"2026-04-16T13:18:51+00:00\" \/>\n<meta property=\"og:image\" content=\"https:\/\/parkstory.com\/wp-content\/uploads\/2024\/10\/Exop-Real-2024_.jpg\" \/>\n\t<meta property=\"og:image:width\" content=\"1120\" \/>\n\t<meta property=\"og:image:height\" content=\"630\" \/>\n\t<meta property=\"og:image:type\" content=\"image\/jpeg\" \/>\n<meta name=\"author\" content=\"Daniela Weise\" \/>\n<meta name=\"twitter:card\" content=\"summary_large_image\" \/>\n<meta name=\"twitter:label1\" content=\"\u00c9crit par\" \/>\n\t<meta name=\"twitter:data1\" content=\"Daniela Weise\" \/>\n\t<meta name=\"twitter:label2\" content=\"Dur\u00e9e de lecture estim\u00e9e\" \/>\n\t<meta name=\"twitter:data2\" content=\"2 minutes\" \/>\n<script type=\"application\/ld+json\" class=\"yoast-schema-graph\">{\"@context\":\"https:\/\/schema.org\",\"@graph\":[{\"@type\":\"Article\",\"@id\":\"https:\/\/parkstory.com\/fr\/2024\/10\/09\/expo-real-2024-a-munich\/#article\",\"isPartOf\":{\"@id\":\"https:\/\/parkstory.com\/fr\/2024\/10\/09\/expo-real-2024-a-munich\/\"},\"author\":{\"name\":\"Daniela Weise\",\"@id\":\"https:\/\/parkstory.com\/fr\/#\/schema\/person\/384bc86e83340928af0b8dbea0b30e37\"},\"headline\":\"EXPO REAL 2024 \u00e0 Munich\",\"datePublished\":\"2024-10-09T15:00:19+00:00\",\"dateModified\":\"2026-04-16T13:18:51+00:00\",\"mainEntityOfPage\":{\"@id\":\"https:\/\/parkstory.com\/fr\/2024\/10\/09\/expo-real-2024-a-munich\/\"},\"wordCount\":212,\"publisher\":{\"@id\":\"https:\/\/parkstory.com\/fr\/#organization\"},\"image\":{\"@id\":\"https:\/\/parkstory.com\/fr\/2024\/10\/09\/expo-real-2024-a-munich\/#primaryimage\"},\"thumbnailUrl\":\"https:\/\/parkstory.com\/wp-content\/uploads\/2024\/10\/Exop-Real-2024_.jpg\",\"articleSection\":[\"Noticias\"],\"inLanguage\":\"fr-FR\"},{\"@type\":\"WebPage\",\"@id\":\"https:\/\/parkstory.com\/fr\/2024\/10\/09\/expo-real-2024-a-munich\/\",\"url\":\"https:\/\/parkstory.com\/fr\/2024\/10\/09\/expo-real-2024-a-munich\/\",\"name\":\"EXPO REAL 2024 \u00e0 Munich - Parkstory\",\"isPartOf\":{\"@id\":\"https:\/\/parkstory.com\/fr\/#website\"},\"primaryImageOfPage\":{\"@id\":\"https:\/\/parkstory.com\/fr\/2024\/10\/09\/expo-real-2024-a-munich\/#primaryimage\"},\"image\":{\"@id\":\"https:\/\/parkstory.com\/fr\/2024\/10\/09\/expo-real-2024-a-munich\/#primaryimage\"},\"thumbnailUrl\":\"https:\/\/parkstory.com\/wp-content\/uploads\/2024\/10\/Exop-Real-2024_.jpg\",\"datePublished\":\"2024-10-09T15:00:19+00:00\",\"dateModified\":\"2026-04-16T13:18:51+00:00\",\"description\":\"Cette ann\u00e9e encore, Parkstory a particip\u00e9 \u00e0 l'EXPO REAL 2024 \u00e0 Munich avec Nectanet et a \u00e9largi son r\u00e9seau.\",\"breadcrumb\":{\"@id\":\"https:\/\/parkstory.com\/fr\/2024\/10\/09\/expo-real-2024-a-munich\/#breadcrumb\"},\"inLanguage\":\"fr-FR\",\"potentialAction\":[{\"@type\":\"ReadAction\",\"target\":[\"https:\/\/parkstory.com\/fr\/2024\/10\/09\/expo-real-2024-a-munich\/\"]}]},{\"@type\":\"ImageObject\",\"inLanguage\":\"fr-FR\",\"@id\":\"https:\/\/parkstory.com\/fr\/2024\/10\/09\/expo-real-2024-a-munich\/#primaryimage\",\"url\":\"https:\/\/parkstory.com\/wp-content\/uploads\/2024\/10\/Exop-Real-2024_.jpg\",\"contentUrl\":\"https:\/\/parkstory.com\/wp-content\/uploads\/2024\/10\/Exop-Real-2024_.jpg\",\"width\":1120,\"height\":630},{\"@type\":\"BreadcrumbList\",\"@id\":\"https:\/\/parkstory.com\/fr\/2024\/10\/09\/expo-real-2024-a-munich\/#breadcrumb\",\"itemListElement\":[{\"@type\":\"ListItem\",\"position\":1,\"name\":\"Home\",\"item\":\"https:\/\/parkstory.com\/fr\/\"},{\"@type\":\"ListItem\",\"position\":2,\"name\":\"EXPO REAL 2024 \u00e0 Munich\"}]},{\"@type\":\"WebSite\",\"@id\":\"https:\/\/parkstory.com\/fr\/#website\",\"url\":\"https:\/\/parkstory.com\/fr\/\",\"name\":\"Parkstory\",\"description\":\"\",\"publisher\":{\"@id\":\"https:\/\/parkstory.com\/fr\/#organization\"},\"potentialAction\":[{\"@type\":\"SearchAction\",\"target\":{\"@type\":\"EntryPoint\",\"urlTemplate\":\"https:\/\/parkstory.com\/fr\/?s={search_term_string}\"},\"query-input\":{\"@type\":\"PropertyValueSpecification\",\"valueRequired\":true,\"valueName\":\"search_term_string\"}}],\"inLanguage\":\"fr-FR\"},{\"@type\":\"Organization\",\"@id\":\"https:\/\/parkstory.com\/fr\/#organization\",\"name\":\"Parkstory\",\"url\":\"https:\/\/parkstory.com\/fr\/\",\"logo\":{\"@type\":\"ImageObject\",\"inLanguage\":\"fr-FR\",\"@id\":\"https:\/\/parkstory.com\/fr\/#\/schema\/logo\/image\/\",\"url\":\"https:\/\/parkstory.com\/wp-content\/uploads\/2024\/01\/ps_logo_farbe_einfach_RGB.png\",\"contentUrl\":\"https:\/\/parkstory.com\/wp-content\/uploads\/2024\/01\/ps_logo_farbe_einfach_RGB.png\",\"width\":1668,\"height\":1266,\"caption\":\"Parkstory\"},\"image\":{\"@id\":\"https:\/\/parkstory.com\/fr\/#\/schema\/logo\/image\/\"}},{\"@type\":\"Person\",\"@id\":\"https:\/\/parkstory.com\/fr\/#\/schema\/person\/384bc86e83340928af0b8dbea0b30e37\",\"name\":\"Daniela Weise\",\"image\":{\"@type\":\"ImageObject\",\"inLanguage\":\"fr-FR\",\"@id\":\"https:\/\/parkstory.com\/fr\/#\/schema\/person\/image\/\",\"url\":\"https:\/\/secure.gravatar.com\/avatar\/780dac490ba6966bf60a4153b3ddfdb749c14df3dd0b6d79b46c7cdf0338bc8c?s=96&d=mm&r=g\",\"contentUrl\":\"https:\/\/secure.gravatar.com\/avatar\/780dac490ba6966bf60a4153b3ddfdb749c14df3dd0b6d79b46c7cdf0338bc8c?s=96&d=mm&r=g\",\"caption\":\"Daniela Weise\"},\"url\":\"https:\/\/parkstory.com\/fr\/author\/dweise\/\"}]}<\/script>\n<!-- \/ Yoast SEO plugin. -->","yoast_head_json":{"title":"EXPO REAL 2024 \u00e0 Munich - Parkstory","description":"Cette ann\u00e9e encore, Parkstory a particip\u00e9 \u00e0 l'EXPO REAL 2024 \u00e0 Munich avec Nectanet et a \u00e9largi son r\u00e9seau.","robots":{"index":"index","follow":"follow","max-snippet":"max-snippet:-1","max-image-preview":"max-image-preview:large","max-video-preview":"max-video-preview:-1"},"canonical":"https:\/\/parkstory.com\/fr\/2024\/10\/09\/expo-real-2024-a-munich\/","og_locale":"fr_FR","og_type":"article","og_title":"EXPO REAL 2024 \u00e0 Munich - Parkstory","og_description":"Cette ann\u00e9e encore, Parkstory a particip\u00e9 \u00e0 l'EXPO REAL 2024 \u00e0 Munich avec Nectanet et a \u00e9largi son r\u00e9seau.","og_url":"https:\/\/parkstory.com\/fr\/2024\/10\/09\/expo-real-2024-a-munich\/","og_site_name":"Parkstory","article_published_time":"2024-10-09T15:00:19+00:00","article_modified_time":"2026-04-16T13:18:51+00:00","og_image":[{"width":1120,"height":630,"url":"https:\/\/parkstory.com\/wp-content\/uploads\/2024\/10\/Exop-Real-2024_.jpg","type":"image\/jpeg"}],"author":"Daniela Weise","twitter_card":"summary_large_image","twitter_misc":{"\u00c9crit par":"Daniela Weise","Dur\u00e9e de lecture estim\u00e9e":"2 minutes"},"schema":{"@context":"https:\/\/schema.org","@graph":[{"@type":"Article","@id":"https:\/\/parkstory.com\/fr\/2024\/10\/09\/expo-real-2024-a-munich\/#article","isPartOf":{"@id":"https:\/\/parkstory.com\/fr\/2024\/10\/09\/expo-real-2024-a-munich\/"},"author":{"name":"Daniela Weise","@id":"https:\/\/parkstory.com\/fr\/#\/schema\/person\/384bc86e83340928af0b8dbea0b30e37"},"headline":"EXPO REAL 2024 \u00e0 Munich","datePublished":"2024-10-09T15:00:19+00:00","dateModified":"2026-04-16T13:18:51+00:00","mainEntityOfPage":{"@id":"https:\/\/parkstory.com\/fr\/2024\/10\/09\/expo-real-2024-a-munich\/"},"wordCount":212,"publisher":{"@id":"https:\/\/parkstory.com\/fr\/#organization"},"image":{"@id":"https:\/\/parkstory.com\/fr\/2024\/10\/09\/expo-real-2024-a-munich\/#primaryimage"},"thumbnailUrl":"https:\/\/parkstory.com\/wp-content\/uploads\/2024\/10\/Exop-Real-2024_.jpg","articleSection":["Noticias"],"inLanguage":"fr-FR"},{"@type":"WebPage","@id":"https:\/\/parkstory.com\/fr\/2024\/10\/09\/expo-real-2024-a-munich\/","url":"https:\/\/parkstory.com\/fr\/2024\/10\/09\/expo-real-2024-a-munich\/","name":"EXPO REAL 2024 \u00e0 Munich - Parkstory","isPartOf":{"@id":"https:\/\/parkstory.com\/fr\/#website"},"primaryImageOfPage":{"@id":"https:\/\/parkstory.com\/fr\/2024\/10\/09\/expo-real-2024-a-munich\/#primaryimage"},"image":{"@id":"https:\/\/parkstory.com\/fr\/2024\/10\/09\/expo-real-2024-a-munich\/#primaryimage"},"thumbnailUrl":"https:\/\/parkstory.com\/wp-content\/uploads\/2024\/10\/Exop-Real-2024_.jpg","datePublished":"2024-10-09T15:00:19+00:00","dateModified":"2026-04-16T13:18:51+00:00","description":"Cette ann\u00e9e encore, Parkstory a particip\u00e9 \u00e0 l'EXPO REAL 2024 \u00e0 Munich avec Nectanet et a \u00e9largi son r\u00e9seau.","breadcrumb":{"@id":"https:\/\/parkstory.com\/fr\/2024\/10\/09\/expo-real-2024-a-munich\/#breadcrumb"},"inLanguage":"fr-FR","potentialAction":[{"@type":"ReadAction","target":["https:\/\/parkstory.com\/fr\/2024\/10\/09\/expo-real-2024-a-munich\/"]}]},{"@type":"ImageObject","inLanguage":"fr-FR","@id":"https:\/\/parkstory.com\/fr\/2024\/10\/09\/expo-real-2024-a-munich\/#primaryimage","url":"https:\/\/parkstory.com\/wp-content\/uploads\/2024\/10\/Exop-Real-2024_.jpg","contentUrl":"https:\/\/parkstory.com\/wp-content\/uploads\/2024\/10\/Exop-Real-2024_.jpg","width":1120,"height":630},{"@type":"BreadcrumbList","@id":"https:\/\/parkstory.com\/fr\/2024\/10\/09\/expo-real-2024-a-munich\/#breadcrumb","itemListElement":[{"@type":"ListItem","position":1,"name":"Home","item":"https:\/\/parkstory.com\/fr\/"},{"@type":"ListItem","position":2,"name":"EXPO REAL 2024 \u00e0 Munich"}]},{"@type":"WebSite","@id":"https:\/\/parkstory.com\/fr\/#website","url":"https:\/\/parkstory.com\/fr\/","name":"Parkstory","description":"","publisher":{"@id":"https:\/\/parkstory.com\/fr\/#organization"},"potentialAction":[{"@type":"SearchAction","target":{"@type":"EntryPoint","urlTemplate":"https:\/\/parkstory.com\/fr\/?s={search_term_string}"},"query-input":{"@type":"PropertyValueSpecification","valueRequired":true,"valueName":"search_term_string"}}],"inLanguage":"fr-FR"},{"@type":"Organization","@id":"https:\/\/parkstory.com\/fr\/#organization","name":"Parkstory","url":"https:\/\/parkstory.com\/fr\/","logo":{"@type":"ImageObject","inLanguage":"fr-FR","@id":"https:\/\/parkstory.com\/fr\/#\/schema\/logo\/image\/","url":"https:\/\/parkstory.com\/wp-content\/uploads\/2024\/01\/ps_logo_farbe_einfach_RGB.png","contentUrl":"https:\/\/parkstory.com\/wp-content\/uploads\/2024\/01\/ps_logo_farbe_einfach_RGB.png","width":1668,"height":1266,"caption":"Parkstory"},"image":{"@id":"https:\/\/parkstory.com\/fr\/#\/schema\/logo\/image\/"}},{"@type":"Person","@id":"https:\/\/parkstory.com\/fr\/#\/schema\/person\/384bc86e83340928af0b8dbea0b30e37","name":"Daniela Weise","image":{"@type":"ImageObject","inLanguage":"fr-FR","@id":"https:\/\/parkstory.com\/fr\/#\/schema\/person\/image\/","url":"https:\/\/secure.gravatar.com\/avatar\/780dac490ba6966bf60a4153b3ddfdb749c14df3dd0b6d79b46c7cdf0338bc8c?s=96&d=mm&r=g","contentUrl":"https:\/\/secure.gravatar.com\/avatar\/780dac490ba6966bf60a4153b3ddfdb749c14df3dd0b6d79b46c7cdf0338bc8c?s=96&d=mm&r=g","caption":"Daniela Weise"},"url":"https:\/\/parkstory.com\/fr\/author\/dweise\/"}]}},"_links":{"self":[{"href":"https:\/\/parkstory.com\/fr\/wp-json\/wp\/v2\/posts\/18815","targetHints":{"allow":["GET"]}}],"collection":[{"href":"https:\/\/parkstory.com\/fr\/wp-json\/wp\/v2\/posts"}],"about":[{"href":"https:\/\/parkstory.com\/fr\/wp-json\/wp\/v2\/types\/post"}],"author":[{"embeddable":true,"href":"https:\/\/parkstory.com\/fr\/wp-json\/wp\/v2\/users\/6"}],"replies":[{"embeddable":true,"href":"https:\/\/parkstory.com\/fr\/wp-json\/wp\/v2\/comments?post=18815"}],"version-history":[{"count":4,"href":"https:\/\/parkstory.com\/fr\/wp-json\/wp\/v2\/posts\/18815\/revisions"}],"predecessor-version":[{"id":19626,"href":"https:\/\/parkstory.com\/fr\/wp-json\/wp\/v2\/posts\/18815\/revisions\/19626"}],"wp:featuredmedia":[{"embeddable":true,"href":"https:\/\/parkstory.com\/fr\/wp-json\/wp\/v2\/media\/18817"}],"wp:attachment":[{"href":"https:\/\/parkstory.com\/fr\/wp-json\/wp\/v2\/media?parent=18815"}],"wp:term":[{"taxonomy":"category","embeddable":true,"href":"https:\/\/parkstory.com\/fr\/wp-json\/wp\/v2\/categories?post=18815"},{"taxonomy":"post_tag","embeddable":true,"href":"https:\/\/parkstory.com\/fr\/wp-json\/wp\/v2\/tags?post=18815"}],"curies":[{"name":"wp","href":"https:\/\/api.w.org\/{rel}","templated":true}]}}