{"id":18401,"date":"2024-04-29T08:46:02","date_gmt":"2024-04-29T08:46:02","guid":{"rendered":"https:\/\/parkstory.com\/2024\/07\/19\/parking-2024-a-stuttgart-2\/"},"modified":"2026-04-28T13:26:04","modified_gmt":"2026-04-28T13:26:04","slug":"parking-2024-a-stuttgart","status":"publish","type":"post","link":"https:\/\/parkstory.com\/fr\/2024\/04\/29\/parking-2024-a-stuttgart\/","title":{"rendered":"Parking 2024 \u00e0 Stuttgart"},"content":{"rendered":"\t\t<div data-elementor-type=\"wp-post\" data-elementor-id=\"18401\" class=\"elementor elementor-18401 elementor-18391\" data-elementor-post-type=\"post\">\n\t\t\t\t<div class=\"elementor-element elementor-element-7d82db0 e-flex e-con-boxed e-con e-parent\" data-id=\"7d82db0\" data-element_type=\"container\">\n\t\t\t\t\t<div class=\"e-con-inner\">\n\t\t\t\t<div class=\"elementor-element elementor-element-a5c382f elementor-widget__width-initial elementor-widget elementor-widget-text-editor\" data-id=\"a5c382f\" data-element_type=\"widget\" data-widget_type=\"text-editor.default\">\n\t\t\t\t<div class=\"elementor-widget-container\">\n\t\t\t\t\t\t\t<p class=\"has-white-color has-text-color has-link-color\">Parkstory \u00e9tait du du 25 au Cette ann\u00e9e, le salon professionnel de la construction et de l&rsquo;exploitation de parkings et de garages souterrains s&rsquo;est tenu du 24 au 26 avril 2024<br>\u00e0 Stuttgart.<\/p>\n\t\t\t\t\t\t<\/div>\n\t\t\t\t<\/div>\n\t\t<div class=\"elementor-element elementor-element-e50ae1e e-flex e-con-boxed e-con e-child\" data-id=\"e50ae1e\" data-element_type=\"container\">\n\t\t\t\t\t<div class=\"e-con-inner\">\n\t\t\t\t<div class=\"elementor-element elementor-element-4cd0eea elementor-widget elementor-widget-heading\" data-id=\"4cd0eea\" data-element_type=\"widget\" data-widget_type=\"heading.default\">\n\t\t\t\t<div class=\"elementor-widget-container\">\n\t\t\t<h2 class=\"elementor-heading-title elementor-size-default\">Parking 2024 \u00e0 Stuttgart<\/h2>\t\t<\/div>\n\t\t\t\t<\/div>\n\t\t\t\t<div class=\"elementor-element elementor-element-74a76e0 elementor-widget-mobile__width-initial elementor-widget elementor-widget-heading\" data-id=\"74a76e0\" data-element_type=\"widget\" data-widget_type=\"heading.default\">\n\t\t\t\t<div class=\"elementor-widget-container\">\n\t\t\t<h4 class=\"elementor-heading-title elementor-size-default\">Construction et exploitation de parkings et de garages souterrains<\/h4>\t\t<\/div>\n\t\t\t\t<\/div>\n\t\t\t\t<div class=\"elementor-element elementor-element-0578e45 elementor-widget__width-initial elementor-widget elementor-widget-text-editor\" data-id=\"0578e45\" data-element_type=\"widget\" data-widget_type=\"text-editor.default\">\n\t\t\t\t<div class=\"elementor-widget-container\">\n\t\t\t\t\t\t\t<p class=\"has-white-color has-text-color has-link-color\">Parkstory \u00e9tait du du 25 au Cette ann\u00e9e, le <strong> salon professionnel de la construction et de l&rsquo;exploitation de parkings <\/strong> et de <strong>garages souterrains<\/strong> s&rsquo;est tenu du 24 au 26 avril 2024 Nous tenons \u00e0 vous remercier pour les \u00e9changes int\u00e9ressants que nous avons partag\u00e9 avec vous et sommes impatients de travailler sur de nouveaux projets.<\/p>\n\t\t\t\t\t\t<\/div>\n\t\t\t\t<\/div>\n\t\t\t\t\t<\/div>\n\t\t\t\t<\/div>\n\t\t<div class=\"elementor-element elementor-element-958208f e-flex e-con-boxed e-con e-child\" data-id=\"958208f\" data-element_type=\"container\">\n\t\t\t\t\t<div class=\"e-con-inner\">\n\t\t\t\t<div class=\"elementor-element elementor-element-3e4e5ca elementor-widget elementor-widget-button\" data-id=\"3e4e5ca\" data-element_type=\"widget\" data-widget_type=\"button.default\">\n\t\t\t\t<div class=\"elementor-widget-container\">\n\t\t\t\t\t<div class=\"elementor-button-wrapper\">\n\t\t\t<a class=\"elementor-button elementor-button-link elementor-size-sm\" href=\"https:\/\/www.management-forum.de\/events\/fachkonferenz-bau-und-betrieb-von-parkhaeusern-und-tiefgaragen\/\" target=\"_blank\">\n\t\t\t\t\t\t<span class=\"elementor-button-content-wrapper\">\n\t\t\t\t\t\t\t\t\t<span class=\"elementor-button-text\">En savoir plus<\/span>\n\t\t\t\t\t<\/span>\n\t\t\t\t\t<\/a>\n\t\t<\/div>\n\t\t\t\t<\/div>\n\t\t\t\t<\/div>\n\t\t\t\t\t<\/div>\n\t\t\t\t<\/div>\n\t\t<div class=\"elementor-element elementor-element-df638c8 e-flex e-con-boxed e-con e-child\" data-id=\"df638c8\" data-element_type=\"container\">\n\t\t\t\t\t<div class=\"e-con-inner\">\n\t\t\t\t<div class=\"elementor-element elementor-element-c90b531 elementor-widget elementor-widget-image\" data-id=\"c90b531\" data-element_type=\"widget\" data-widget_type=\"image.default\">\n\t\t\t\t<div class=\"elementor-widget-container\">\n\t\t\t\t\t\t\t\t\t\t<figure class=\"wp-caption\">\n\t\t\t\t\t\t\t\t\t\t<img fetchpriority=\"high\" decoding=\"async\" width=\"800\" height=\"450\" src=\"https:\/\/parkstory.com\/wp-content\/uploads\/2024\/07\/Parkstory-auf-der-Fachmesse-Parken-Stuttgart-2024_-1024x576.png\" class=\"attachment-large size-large wp-image-17249\" alt=\"\" srcset=\"https:\/\/parkstory.com\/wp-content\/uploads\/2024\/07\/Parkstory-auf-der-Fachmesse-Parken-Stuttgart-2024_-1024x576.png 1024w, https:\/\/parkstory.com\/wp-content\/uploads\/2024\/07\/Parkstory-auf-der-Fachmesse-Parken-Stuttgart-2024_-300x169.png 300w, https:\/\/parkstory.com\/wp-content\/uploads\/2024\/07\/Parkstory-auf-der-Fachmesse-Parken-Stuttgart-2024_-768x432.png 768w, https:\/\/parkstory.com\/wp-content\/uploads\/2024\/07\/Parkstory-auf-der-Fachmesse-Parken-Stuttgart-2024_.png 1120w\" sizes=\"(max-width: 800px) 100vw, 800px\" \/>\t\t\t\t\t\t\t\t\t\t\t<figcaption class=\"widget-image-caption wp-caption-text\">Florian Pfefferle (CPO) et Marc Lott (CTO \/ Software Innovation)<\/figcaption>\n\t\t\t\t\t\t\t\t\t\t<\/figure>\n\t\t\t\t\t\t\t<\/div>\n\t\t\t\t<\/div>\n\t\t\t\t\t<\/div>\n\t\t\t\t<\/div>\n\t\t\t\t\t<\/div>\n\t\t\t\t<\/div>\n\t\t<div class=\"elementor-element elementor-element-8de3ebd e-flex e-con-boxed e-con e-parent\" data-id=\"8de3ebd\" data-element_type=\"container\" data-settings=\"{&quot;background_background&quot;:&quot;classic&quot;}\">\n\t\t\t\t\t<div class=\"e-con-inner\">\n\t\t<div class=\"elementor-element elementor-element-e39436d e-con-full e-flex e-con e-child\" data-id=\"e39436d\" data-element_type=\"container\" data-settings=\"{&quot;background_background&quot;:&quot;classic&quot;}\">\n\t\t<div class=\"elementor-element elementor-element-472f460 e-flex e-con-boxed e-con e-child\" data-id=\"472f460\" data-element_type=\"container\" data-settings=\"{&quot;background_background&quot;:&quot;classic&quot;}\">\n\t\t\t\t\t<div class=\"e-con-inner\">\n\t\t<div class=\"elementor-element elementor-element-d30cce6 e-con-full e-flex e-con e-child\" data-id=\"d30cce6\" data-element_type=\"container\" data-settings=\"{&quot;background_background&quot;:&quot;classic&quot;}\">\n\t\t<div class=\"elementor-element elementor-element-7dc60df e-con-full e-flex e-con e-child\" data-id=\"7dc60df\" data-element_type=\"container\">\n\t\t\t\t<div class=\"elementor-element elementor-element-7c572b6 elementor-widget elementor-widget-heading\" data-id=\"7c572b6\" data-element_type=\"widget\" data-widget_type=\"heading.default\">\n\t\t\t\t<div class=\"elementor-widget-container\">\n\t\t\t<h3 class=\"elementor-heading-title elementor-size-default\">Ne manquez aucune actualit\u00e9<\/h3>\t\t<\/div>\n\t\t\t\t<\/div>\n\t\t\t\t<div class=\"elementor-element elementor-element-040bcdc elementor-widget elementor-widget-heading\" data-id=\"040bcdc\" data-element_type=\"widget\" data-widget_type=\"heading.default\">\n\t\t\t\t<div class=\"elementor-widget-container\">\n\t\t\t<p class=\"elementor-heading-title elementor-size-default\">Nous vous informons des nouveaut\u00e9s sur LinkedIn.<\/p>\t\t<\/div>\n\t\t\t\t<\/div>\n\t\t\t\t<div class=\"elementor-element elementor-element-d882874 elementor-align-center elementor-widget elementor-widget-button\" data-id=\"d882874\" data-element_type=\"widget\" data-widget_type=\"button.default\">\n\t\t\t\t<div class=\"elementor-widget-container\">\n\t\t\t\t\t<div class=\"elementor-button-wrapper\">\n\t\t\t<a class=\"elementor-button elementor-button-link elementor-size-sm\" href=\"https:\/\/www.linkedin.com\/company\/parkstory\">\n\t\t\t\t\t\t<span class=\"elementor-button-content-wrapper\">\n\t\t\t\t\t\t<span class=\"elementor-button-icon\">\n\t\t\t\t\t\t\t<\/span>\n\t\t\t\t\t\t\t\t\t<span class=\"elementor-button-text\">LinkedIn<\/span>\n\t\t\t\t\t<\/span>\n\t\t\t\t\t<\/a>\n\t\t<\/div>\n\t\t\t\t<\/div>\n\t\t\t\t<\/div>\n\t\t\t\t<\/div>\n\t\t\t\t<\/div>\n\t\t\t\t\t<\/div>\n\t\t\t\t<\/div>\n\t\t\t\t<\/div>\n\t\t\t\t\t<\/div>\n\t\t\t\t<\/div>\n\t\t\t\t<\/div>\n\t\t","protected":false},"excerpt":{"rendered":"<p>Parkstory \u00e9tait du du 25 au Cette ann\u00e9e, le salon professionnel de la construction et de l&rsquo;exploitation de parkings et de garages souterrains s&rsquo;est tenu du 24 au 26 avril 2024\u00e0 Stuttgart. Parking 2024 \u00e0 Stuttgart Construction et exploitation de parkings et de garages souterrains Parkstory \u00e9tait du du 25 au Cette ann\u00e9e, le salon [&hellip;]<\/p>\n","protected":false},"author":5,"featured_media":18411,"comment_status":"closed","ping_status":"closed","sticky":false,"template":"","format":"standard","meta":{"footnotes":""},"categories":[48],"tags":[],"class_list":["post-18401","post","type-post","status-publish","format-standard","has-post-thumbnail","hentry","category-actualites"],"yoast_head":"<!-- This site is optimized with the Yoast SEO plugin v23.4 - https:\/\/yoast.com\/wordpress\/plugins\/seo\/ -->\n<title>Parking 2024 \u00e0 Stuttgart - Parkstory<\/title>\n<meta name=\"robots\" content=\"index, follow, max-snippet:-1, max-image-preview:large, max-video-preview:-1\" \/>\n<link rel=\"canonical\" href=\"https:\/\/parkstory.com\/fr\/2024\/04\/29\/parking-2024-a-stuttgart\/\" \/>\n<meta property=\"og:locale\" content=\"fr_FR\" \/>\n<meta property=\"og:type\" content=\"article\" \/>\n<meta property=\"og:title\" content=\"Parking 2024 \u00e0 Stuttgart - Parkstory\" \/>\n<meta property=\"og:description\" content=\"Parkstory \u00e9tait du du 25 au Cette ann\u00e9e, le salon professionnel de la construction et de l&rsquo;exploitation de parkings et de garages souterrains s&rsquo;est tenu du 24 au 26 avril 2024\u00e0 Stuttgart. Parking 2024 \u00e0 Stuttgart Construction et exploitation de parkings et de garages souterrains Parkstory \u00e9tait du du 25 au Cette ann\u00e9e, le salon [&hellip;]\" \/>\n<meta property=\"og:url\" content=\"https:\/\/parkstory.com\/fr\/2024\/04\/29\/parking-2024-a-stuttgart\/\" \/>\n<meta property=\"og:site_name\" content=\"Parkstory\" \/>\n<meta property=\"article:published_time\" content=\"2024-04-29T08:46:02+00:00\" \/>\n<meta property=\"article:modified_time\" content=\"2026-04-28T13:26:04+00:00\" \/>\n<meta property=\"og:image\" content=\"https:\/\/parkstory.com\/wp-content\/uploads\/2024\/07\/Parkstory-auf-der-Fachmesse-Parken-Stuttgart-2024_.png\" \/>\n\t<meta property=\"og:image:width\" content=\"1120\" \/>\n\t<meta property=\"og:image:height\" content=\"630\" \/>\n\t<meta property=\"og:image:type\" content=\"image\/png\" \/>\n<meta name=\"author\" content=\"clinder\" \/>\n<meta name=\"twitter:card\" content=\"summary_large_image\" \/>\n<meta name=\"twitter:label1\" content=\"\u00c9crit par\" \/>\n\t<meta name=\"twitter:data1\" content=\"clinder\" \/>\n\t<meta name=\"twitter:label2\" content=\"Dur\u00e9e de lecture estim\u00e9e\" \/>\n\t<meta name=\"twitter:data2\" content=\"1 minute\" \/>\n<script type=\"application\/ld+json\" class=\"yoast-schema-graph\">{\"@context\":\"https:\/\/schema.org\",\"@graph\":[{\"@type\":\"Article\",\"@id\":\"https:\/\/parkstory.com\/fr\/2024\/04\/29\/parking-2024-a-stuttgart\/#article\",\"isPartOf\":{\"@id\":\"https:\/\/parkstory.com\/fr\/2024\/04\/29\/parking-2024-a-stuttgart\/\"},\"author\":{\"name\":\"clinder\",\"@id\":\"https:\/\/parkstory.com\/fr\/#\/schema\/person\/57ac8b706210b1264eb0f216a631e8f1\"},\"headline\":\"Parking 2024 \u00e0 Stuttgart\",\"datePublished\":\"2024-04-29T08:46:02+00:00\",\"dateModified\":\"2026-04-28T13:26:04+00:00\",\"mainEntityOfPage\":{\"@id\":\"https:\/\/parkstory.com\/fr\/2024\/04\/29\/parking-2024-a-stuttgart\/\"},\"wordCount\":123,\"publisher\":{\"@id\":\"https:\/\/parkstory.com\/fr\/#organization\"},\"image\":{\"@id\":\"https:\/\/parkstory.com\/fr\/2024\/04\/29\/parking-2024-a-stuttgart\/#primaryimage\"},\"thumbnailUrl\":\"https:\/\/parkstory.com\/wp-content\/uploads\/2024\/07\/Parkstory-auf-der-Fachmesse-Parken-Stuttgart-2024_.png\",\"articleSection\":[\"Actualit\u00e9s\"],\"inLanguage\":\"fr-FR\"},{\"@type\":\"WebPage\",\"@id\":\"https:\/\/parkstory.com\/fr\/2024\/04\/29\/parking-2024-a-stuttgart\/\",\"url\":\"https:\/\/parkstory.com\/fr\/2024\/04\/29\/parking-2024-a-stuttgart\/\",\"name\":\"Parking 2024 \u00e0 Stuttgart - Parkstory\",\"isPartOf\":{\"@id\":\"https:\/\/parkstory.com\/fr\/#website\"},\"primaryImageOfPage\":{\"@id\":\"https:\/\/parkstory.com\/fr\/2024\/04\/29\/parking-2024-a-stuttgart\/#primaryimage\"},\"image\":{\"@id\":\"https:\/\/parkstory.com\/fr\/2024\/04\/29\/parking-2024-a-stuttgart\/#primaryimage\"},\"thumbnailUrl\":\"https:\/\/parkstory.com\/wp-content\/uploads\/2024\/07\/Parkstory-auf-der-Fachmesse-Parken-Stuttgart-2024_.png\",\"datePublished\":\"2024-04-29T08:46:02+00:00\",\"dateModified\":\"2026-04-28T13:26:04+00:00\",\"breadcrumb\":{\"@id\":\"https:\/\/parkstory.com\/fr\/2024\/04\/29\/parking-2024-a-stuttgart\/#breadcrumb\"},\"inLanguage\":\"fr-FR\",\"potentialAction\":[{\"@type\":\"ReadAction\",\"target\":[\"https:\/\/parkstory.com\/fr\/2024\/04\/29\/parking-2024-a-stuttgart\/\"]}]},{\"@type\":\"ImageObject\",\"inLanguage\":\"fr-FR\",\"@id\":\"https:\/\/parkstory.com\/fr\/2024\/04\/29\/parking-2024-a-stuttgart\/#primaryimage\",\"url\":\"https:\/\/parkstory.com\/wp-content\/uploads\/2024\/07\/Parkstory-auf-der-Fachmesse-Parken-Stuttgart-2024_.png\",\"contentUrl\":\"https:\/\/parkstory.com\/wp-content\/uploads\/2024\/07\/Parkstory-auf-der-Fachmesse-Parken-Stuttgart-2024_.png\",\"width\":1120,\"height\":630},{\"@type\":\"BreadcrumbList\",\"@id\":\"https:\/\/parkstory.com\/fr\/2024\/04\/29\/parking-2024-a-stuttgart\/#breadcrumb\",\"itemListElement\":[{\"@type\":\"ListItem\",\"position\":1,\"name\":\"Home\",\"item\":\"https:\/\/parkstory.com\/fr\/\"},{\"@type\":\"ListItem\",\"position\":2,\"name\":\"Parking 2024 \u00e0 Stuttgart\"}]},{\"@type\":\"WebSite\",\"@id\":\"https:\/\/parkstory.com\/fr\/#website\",\"url\":\"https:\/\/parkstory.com\/fr\/\",\"name\":\"Parkstory\",\"description\":\"\",\"publisher\":{\"@id\":\"https:\/\/parkstory.com\/fr\/#organization\"},\"potentialAction\":[{\"@type\":\"SearchAction\",\"target\":{\"@type\":\"EntryPoint\",\"urlTemplate\":\"https:\/\/parkstory.com\/fr\/?s={search_term_string}\"},\"query-input\":{\"@type\":\"PropertyValueSpecification\",\"valueRequired\":true,\"valueName\":\"search_term_string\"}}],\"inLanguage\":\"fr-FR\"},{\"@type\":\"Organization\",\"@id\":\"https:\/\/parkstory.com\/fr\/#organization\",\"name\":\"Parkstory\",\"url\":\"https:\/\/parkstory.com\/fr\/\",\"logo\":{\"@type\":\"ImageObject\",\"inLanguage\":\"fr-FR\",\"@id\":\"https:\/\/parkstory.com\/fr\/#\/schema\/logo\/image\/\",\"url\":\"https:\/\/parkstory.com\/wp-content\/uploads\/2024\/01\/ps_logo_farbe_einfach_RGB.png\",\"contentUrl\":\"https:\/\/parkstory.com\/wp-content\/uploads\/2024\/01\/ps_logo_farbe_einfach_RGB.png\",\"width\":1668,\"height\":1266,\"caption\":\"Parkstory\"},\"image\":{\"@id\":\"https:\/\/parkstory.com\/fr\/#\/schema\/logo\/image\/\"}},{\"@type\":\"Person\",\"@id\":\"https:\/\/parkstory.com\/fr\/#\/schema\/person\/57ac8b706210b1264eb0f216a631e8f1\",\"name\":\"clinder\",\"image\":{\"@type\":\"ImageObject\",\"inLanguage\":\"fr-FR\",\"@id\":\"https:\/\/parkstory.com\/fr\/#\/schema\/person\/image\/\",\"url\":\"https:\/\/secure.gravatar.com\/avatar\/de9c83cd2b23888420c3dd711090b71c02e2b25f6e414a6d5df567f468626c74?s=96&d=mm&r=g\",\"contentUrl\":\"https:\/\/secure.gravatar.com\/avatar\/de9c83cd2b23888420c3dd711090b71c02e2b25f6e414a6d5df567f468626c74?s=96&d=mm&r=g\",\"caption\":\"clinder\"},\"url\":\"https:\/\/parkstory.com\/fr\/author\/clinder\/\"}]}<\/script>\n<!-- \/ Yoast SEO plugin. -->","yoast_head_json":{"title":"Parking 2024 \u00e0 Stuttgart - Parkstory","robots":{"index":"index","follow":"follow","max-snippet":"max-snippet:-1","max-image-preview":"max-image-preview:large","max-video-preview":"max-video-preview:-1"},"canonical":"https:\/\/parkstory.com\/fr\/2024\/04\/29\/parking-2024-a-stuttgart\/","og_locale":"fr_FR","og_type":"article","og_title":"Parking 2024 \u00e0 Stuttgart - Parkstory","og_description":"Parkstory \u00e9tait du du 25 au Cette ann\u00e9e, le salon professionnel de la construction et de l&rsquo;exploitation de parkings et de garages souterrains s&rsquo;est tenu du 24 au 26 avril 2024\u00e0 Stuttgart. Parking 2024 \u00e0 Stuttgart Construction et exploitation de parkings et de garages souterrains Parkstory \u00e9tait du du 25 au Cette ann\u00e9e, le salon [&hellip;]","og_url":"https:\/\/parkstory.com\/fr\/2024\/04\/29\/parking-2024-a-stuttgart\/","og_site_name":"Parkstory","article_published_time":"2024-04-29T08:46:02+00:00","article_modified_time":"2026-04-28T13:26:04+00:00","og_image":[{"width":1120,"height":630,"url":"https:\/\/parkstory.com\/wp-content\/uploads\/2024\/07\/Parkstory-auf-der-Fachmesse-Parken-Stuttgart-2024_.png","type":"image\/png"}],"author":"clinder","twitter_card":"summary_large_image","twitter_misc":{"\u00c9crit par":"clinder","Dur\u00e9e de lecture estim\u00e9e":"1 minute"},"schema":{"@context":"https:\/\/schema.org","@graph":[{"@type":"Article","@id":"https:\/\/parkstory.com\/fr\/2024\/04\/29\/parking-2024-a-stuttgart\/#article","isPartOf":{"@id":"https:\/\/parkstory.com\/fr\/2024\/04\/29\/parking-2024-a-stuttgart\/"},"author":{"name":"clinder","@id":"https:\/\/parkstory.com\/fr\/#\/schema\/person\/57ac8b706210b1264eb0f216a631e8f1"},"headline":"Parking 2024 \u00e0 Stuttgart","datePublished":"2024-04-29T08:46:02+00:00","dateModified":"2026-04-28T13:26:04+00:00","mainEntityOfPage":{"@id":"https:\/\/parkstory.com\/fr\/2024\/04\/29\/parking-2024-a-stuttgart\/"},"wordCount":123,"publisher":{"@id":"https:\/\/parkstory.com\/fr\/#organization"},"image":{"@id":"https:\/\/parkstory.com\/fr\/2024\/04\/29\/parking-2024-a-stuttgart\/#primaryimage"},"thumbnailUrl":"https:\/\/parkstory.com\/wp-content\/uploads\/2024\/07\/Parkstory-auf-der-Fachmesse-Parken-Stuttgart-2024_.png","articleSection":["Actualit\u00e9s"],"inLanguage":"fr-FR"},{"@type":"WebPage","@id":"https:\/\/parkstory.com\/fr\/2024\/04\/29\/parking-2024-a-stuttgart\/","url":"https:\/\/parkstory.com\/fr\/2024\/04\/29\/parking-2024-a-stuttgart\/","name":"Parking 2024 \u00e0 Stuttgart - Parkstory","isPartOf":{"@id":"https:\/\/parkstory.com\/fr\/#website"},"primaryImageOfPage":{"@id":"https:\/\/parkstory.com\/fr\/2024\/04\/29\/parking-2024-a-stuttgart\/#primaryimage"},"image":{"@id":"https:\/\/parkstory.com\/fr\/2024\/04\/29\/parking-2024-a-stuttgart\/#primaryimage"},"thumbnailUrl":"https:\/\/parkstory.com\/wp-content\/uploads\/2024\/07\/Parkstory-auf-der-Fachmesse-Parken-Stuttgart-2024_.png","datePublished":"2024-04-29T08:46:02+00:00","dateModified":"2026-04-28T13:26:04+00:00","breadcrumb":{"@id":"https:\/\/parkstory.com\/fr\/2024\/04\/29\/parking-2024-a-stuttgart\/#breadcrumb"},"inLanguage":"fr-FR","potentialAction":[{"@type":"ReadAction","target":["https:\/\/parkstory.com\/fr\/2024\/04\/29\/parking-2024-a-stuttgart\/"]}]},{"@type":"ImageObject","inLanguage":"fr-FR","@id":"https:\/\/parkstory.com\/fr\/2024\/04\/29\/parking-2024-a-stuttgart\/#primaryimage","url":"https:\/\/parkstory.com\/wp-content\/uploads\/2024\/07\/Parkstory-auf-der-Fachmesse-Parken-Stuttgart-2024_.png","contentUrl":"https:\/\/parkstory.com\/wp-content\/uploads\/2024\/07\/Parkstory-auf-der-Fachmesse-Parken-Stuttgart-2024_.png","width":1120,"height":630},{"@type":"BreadcrumbList","@id":"https:\/\/parkstory.com\/fr\/2024\/04\/29\/parking-2024-a-stuttgart\/#breadcrumb","itemListElement":[{"@type":"ListItem","position":1,"name":"Home","item":"https:\/\/parkstory.com\/fr\/"},{"@type":"ListItem","position":2,"name":"Parking 2024 \u00e0 Stuttgart"}]},{"@type":"WebSite","@id":"https:\/\/parkstory.com\/fr\/#website","url":"https:\/\/parkstory.com\/fr\/","name":"Parkstory","description":"","publisher":{"@id":"https:\/\/parkstory.com\/fr\/#organization"},"potentialAction":[{"@type":"SearchAction","target":{"@type":"EntryPoint","urlTemplate":"https:\/\/parkstory.com\/fr\/?s={search_term_string}"},"query-input":{"@type":"PropertyValueSpecification","valueRequired":true,"valueName":"search_term_string"}}],"inLanguage":"fr-FR"},{"@type":"Organization","@id":"https:\/\/parkstory.com\/fr\/#organization","name":"Parkstory","url":"https:\/\/parkstory.com\/fr\/","logo":{"@type":"ImageObject","inLanguage":"fr-FR","@id":"https:\/\/parkstory.com\/fr\/#\/schema\/logo\/image\/","url":"https:\/\/parkstory.com\/wp-content\/uploads\/2024\/01\/ps_logo_farbe_einfach_RGB.png","contentUrl":"https:\/\/parkstory.com\/wp-content\/uploads\/2024\/01\/ps_logo_farbe_einfach_RGB.png","width":1668,"height":1266,"caption":"Parkstory"},"image":{"@id":"https:\/\/parkstory.com\/fr\/#\/schema\/logo\/image\/"}},{"@type":"Person","@id":"https:\/\/parkstory.com\/fr\/#\/schema\/person\/57ac8b706210b1264eb0f216a631e8f1","name":"clinder","image":{"@type":"ImageObject","inLanguage":"fr-FR","@id":"https:\/\/parkstory.com\/fr\/#\/schema\/person\/image\/","url":"https:\/\/secure.gravatar.com\/avatar\/de9c83cd2b23888420c3dd711090b71c02e2b25f6e414a6d5df567f468626c74?s=96&d=mm&r=g","contentUrl":"https:\/\/secure.gravatar.com\/avatar\/de9c83cd2b23888420c3dd711090b71c02e2b25f6e414a6d5df567f468626c74?s=96&d=mm&r=g","caption":"clinder"},"url":"https:\/\/parkstory.com\/fr\/author\/clinder\/"}]}},"_links":{"self":[{"href":"https:\/\/parkstory.com\/fr\/wp-json\/wp\/v2\/posts\/18401","targetHints":{"allow":["GET"]}}],"collection":[{"href":"https:\/\/parkstory.com\/fr\/wp-json\/wp\/v2\/posts"}],"about":[{"href":"https:\/\/parkstory.com\/fr\/wp-json\/wp\/v2\/types\/post"}],"author":[{"embeddable":true,"href":"https:\/\/parkstory.com\/fr\/wp-json\/wp\/v2\/users\/5"}],"replies":[{"embeddable":true,"href":"https:\/\/parkstory.com\/fr\/wp-json\/wp\/v2\/comments?post=18401"}],"version-history":[{"count":11,"href":"https:\/\/parkstory.com\/fr\/wp-json\/wp\/v2\/posts\/18401\/revisions"}],"predecessor-version":[{"id":19635,"href":"https:\/\/parkstory.com\/fr\/wp-json\/wp\/v2\/posts\/18401\/revisions\/19635"}],"wp:featuredmedia":[{"embeddable":true,"href":"https:\/\/parkstory.com\/fr\/wp-json\/wp\/v2\/media\/18411"}],"wp:attachment":[{"href":"https:\/\/parkstory.com\/fr\/wp-json\/wp\/v2\/media?parent=18401"}],"wp:term":[{"taxonomy":"category","embeddable":true,"href":"https:\/\/parkstory.com\/fr\/wp-json\/wp\/v2\/categories?post=18401"},{"taxonomy":"post_tag","embeddable":true,"href":"https:\/\/parkstory.com\/fr\/wp-json\/wp\/v2\/tags?post=18401"}],"curies":[{"name":"wp","href":"https:\/\/api.w.org\/{rel}","templated":true}]}}