{"id":19944,"date":"2026-03-16T13:26:00","date_gmt":"2026-03-16T13:26:00","guid":{"rendered":"https:\/\/parkstory.com\/2026\/03\/16\/una-mirada-retrospectiva-intertraffic-2026-en-amsterdam\/"},"modified":"2026-04-30T14:28:31","modified_gmt":"2026-04-30T14:28:31","slug":"una-mirada-retrospectiva-intertraffic-2026-en-amsterdam","status":"publish","type":"post","link":"https:\/\/parkstory.com\/es\/2026\/03\/16\/una-mirada-retrospectiva-intertraffic-2026-en-amsterdam\/","title":{"rendered":"Una mirada retrospectiva: Intertraffic 2026 en \u00c1msterdam"},"content":{"rendered":"\t\t<div data-elementor-type=\"wp-post\" data-elementor-id=\"19944\" class=\"elementor elementor-19944 elementor-19914\" data-elementor-post-type=\"post\">\n\t\t\t\t<div class=\"elementor-element elementor-element-772bace2 e-flex e-con-boxed e-con e-parent\" data-id=\"772bace2\" data-element_type=\"container\">\n\t\t\t\t\t<div class=\"e-con-inner\">\n\t\t\t\t<div class=\"elementor-element elementor-element-2b30c79a elementor-widget__width-initial elementor-widget elementor-widget-text-editor\" data-id=\"2b30c79a\" data-element_type=\"widget\" data-widget_type=\"text-editor.default\">\n\t\t\t\t<div class=\"elementor-widget-container\">\n\t\t\t\t\t\t\t<p>Junto con Nectanet, el equipo de Parkstory estuvo en la EXPO REAL 2023 de Munich del 04.04.2010. \u00a1hasta el 06 de octubre de 2023! Una buena oportunidad para conocernos, presentar nuestras soluciones de aparcamiento personalizadas y discutir en detalle tus proyectos.<\/p>\n\t\t\t\t\t\t<\/div>\n\t\t\t\t<\/div>\n\t\t<div class=\"elementor-element elementor-element-77df034a e-flex e-con-boxed e-con e-child\" data-id=\"77df034a\" data-element_type=\"container\">\n\t\t\t\t\t<div class=\"e-con-inner\">\n\t\t\t\t\t<\/div>\n\t\t\t\t<\/div>\n\t\t<div class=\"elementor-element elementor-element-742dbd9d e-con-full e-flex e-con e-child\" data-id=\"742dbd9d\" data-element_type=\"container\">\n\t\t<div class=\"elementor-element elementor-element-21b17444 e-con-full e-flex e-con e-child\" data-id=\"21b17444\" data-element_type=\"container\">\n\t\t\t\t<div class=\"elementor-element elementor-element-6dda6beb elementor-widget elementor-widget-image\" data-id=\"6dda6beb\" data-element_type=\"widget\" data-widget_type=\"image.default\">\n\t\t\t\t<div class=\"elementor-widget-container\">\n\t\t\t\t\t\t\t\t\t\t<figure class=\"wp-caption\">\n\t\t\t\t\t\t\t\t\t\t<img fetchpriority=\"high\" decoding=\"async\" width=\"800\" height=\"450\" src=\"https:\/\/parkstory.com\/wp-content\/uploads\/2026\/04\/Parkstory-auf-der-Intertraffic-Amsterdam-2026_-1024x576.jpg\" class=\"attachment-large size-large wp-image-19917\" alt=\"\" srcset=\"https:\/\/parkstory.com\/wp-content\/uploads\/2026\/04\/Parkstory-auf-der-Intertraffic-Amsterdam-2026_-1024x576.jpg 1024w, https:\/\/parkstory.com\/wp-content\/uploads\/2026\/04\/Parkstory-auf-der-Intertraffic-Amsterdam-2026_-300x169.jpg 300w, https:\/\/parkstory.com\/wp-content\/uploads\/2026\/04\/Parkstory-auf-der-Intertraffic-Amsterdam-2026_-768x432.jpg 768w, https:\/\/parkstory.com\/wp-content\/uploads\/2026\/04\/Parkstory-auf-der-Intertraffic-Amsterdam-2026_.jpg 1120w\" sizes=\"(max-width: 800px) 100vw, 800px\" \/>\t\t\t\t\t\t\t\t\t\t\t<figcaption class=\"widget-image-caption wp-caption-text\">J\u00fcrgen Lukas (Director General) y Lukas Kopecki (Jefe de Ventas)<\/figcaption>\n\t\t\t\t\t\t\t\t\t\t<\/figure>\n\t\t\t\t\t\t\t<\/div>\n\t\t\t\t<\/div>\n\t\t\t\t<\/div>\n\t\t<div class=\"elementor-element elementor-element-3114f6f5 e-flex e-con-boxed e-con e-child\" data-id=\"3114f6f5\" data-element_type=\"container\">\n\t\t\t\t\t<div class=\"e-con-inner\">\n\t\t\t\t<div class=\"elementor-element elementor-element-4e6ad63e elementor-widget__width-initial elementor-widget elementor-widget-text-editor\" data-id=\"4e6ad63e\" data-element_type=\"widget\" data-widget_type=\"text-editor.default\">\n\t\t\t\t<div class=\"elementor-widget-container\">\n\t\t\t\t\t\t\t<p>El alcalde Wolfram Britz vino a visitar nuestra planta de producci\u00f3n de Kehl (Alemania). El equipo de Parkstory aprovech\u00f3 esta oportunidad para debatir la cooperaci\u00f3n internacional con la ciudad de Kehl y presentar nuestras tecnolog\u00edas innovadoras, as\u00ed como nuestros proyectos en curso en todo el mundo.<\/p>\n\t\t\t\t\t\t<\/div>\n\t\t\t\t<\/div>\n\t\t\t\t<div class=\"elementor-element elementor-element-434f9605 elementor-widget elementor-widget-heading\" data-id=\"434f9605\" data-element_type=\"widget\" data-widget_type=\"heading.default\">\n\t\t\t\t<div class=\"elementor-widget-container\">\n\t\t\t<h2 class=\"elementor-heading-title elementor-size-default\">Parkstory en Intertraffic Amsterdam 2026<\/h2>\t\t<\/div>\n\t\t\t\t<\/div>\n\t\t\t\t<div class=\"elementor-element elementor-element-17657818 elementor-widget-mobile__width-initial elementor-widget elementor-widget-heading\" data-id=\"17657818\" data-element_type=\"widget\" data-widget_type=\"heading.default\">\n\t\t\t\t<div class=\"elementor-widget-container\">\n\t\t\t<h4 class=\"elementor-heading-title elementor-size-default\">- Ayudamos a dar forma a la movilidad urbana del ma\u00f1ana \ud83d\ude9a\ud83d\ude97.<\/h4>\t\t<\/div>\n\t\t\t\t<\/div>\n\t\t\t\t<div class=\"elementor-element elementor-element-514c340d elementor-widget__width-initial elementor-widget elementor-widget-text-editor\" data-id=\"514c340d\" data-element_type=\"widget\" data-widget_type=\"text-editor.default\">\n\t\t\t\t<div class=\"elementor-widget-container\">\n\t\t\t\t\t\t\t<p>Intertraffic \u00c1msterdam 2026 ha llegado oficialmente a su fin y el equipo de Parkstory hace un resumen abrumador. Atr\u00e1s quedan d\u00edas llenos de inspiraci\u00f3n, intercambio tecnol\u00f3gico y encuentros con visi\u00f3n de futuro. El enorme inter\u00e9s que despert\u00f3 nuestro stand dej\u00f3 clara una cosa: la escasez de plazas de aparcamiento en nuestras ciudades exige soluciones inteligentes y automatizadas.  <\/p>\n\t\t\t\t\t\t<\/div>\n\t\t\t\t<\/div>\n\t\t\t\t<div class=\"elementor-element elementor-element-c73ad6c elementor-widget__width-initial elementor-widget elementor-widget-text-editor\" data-id=\"c73ad6c\" data-element_type=\"widget\" data-widget_type=\"text-editor.default\">\n\t\t\t\t<div class=\"elementor-widget-container\">\n\t\t\t\t\t\t\t<h3><strong>Por qu\u00e9 el futuro del aparcamiento est\u00e1 automatizado<\/strong><\/h3>\n<p>El espacio urbano es cada vez m\u00e1s escaso, pero la necesidad de aparcamientos eficientes crece constantemente. Nuestra visi\u00f3n de organizar el espacio de aparcamiento de forma inteligente y ahorrando espacio cal\u00f3 hondo en la feria. Fue impresionante ver c\u00f3mo urbanistas y promotores de proyectos de todo el mundo buscan formas de utilizar el espacio de forma m\u00e1s eficiente y, al mismo tiempo, aumentar la comodidad para los usuarios.  <\/p>\n\t\t\t\t\t\t<\/div>\n\t\t\t\t<\/div>\n\t\t\t\t<div class=\"elementor-element elementor-element-38f34dd elementor-widget__width-initial elementor-widget elementor-widget-text-editor\" data-id=\"38f34dd\" data-element_type=\"widget\" data-widget_type=\"text-editor.default\">\n\t\t\t\t<div class=\"elementor-widget-container\">\n\t\t\t\t\t\t\t<h3><strong>Lo m\u00e1s destacado de nuestra feria de un vistazo:<\/strong><\/h3>\n<ul>\n<li><strong>Tecnolog\u00eda de cerca<\/strong>: Los visitantes pudieron experimentar c\u00f3mo funciona nuestra tecnolog\u00eda en nuestras demostraciones en directo. Estos \u00abmomentos aj\u00e1\u00bb, en los que la eficacia de un sistema automatizado se hace tangible, fueron la mejor respuesta para nosotros. <\/li>\n<\/ul>\n<ul>\n<li><strong>Creaci\u00f3n de redes globales<\/strong>: Hemos establecido valiosos contactos con expertos de todo el mundo. El intercambio con visionarios de la industria de la construcci\u00f3n y del sector p\u00fablico nos ha dado un nuevo impulso para futuros proyectos. <\/li>\n<\/ul>\n<ul>\n<li><strong>Visiones compartidas<\/strong>: Debatimos c\u00f3mo podemos revolucionar el espacio urbano prescindiendo de las rampas y carriles convencionales.<\/li>\n<\/ul>\n\t\t\t\t\t\t<\/div>\n\t\t\t\t<\/div>\n\t\t\t\t<div class=\"elementor-element elementor-element-3859d4a elementor-widget__width-initial elementor-widget elementor-widget-text-editor\" data-id=\"3859d4a\" data-element_type=\"widget\" data-widget_type=\"text-editor.default\">\n\t\t\t\t<div class=\"elementor-widget-container\">\n\t\t\t\t\t\t\t<p>Queremos dar las gracias a todos los visitantes, socios y nuevos conocidos que visitaron nuestro stand. La energ\u00eda y los comentarios positivos nos motivan para realizar a toda velocidad los numerosos proyectos que hemos iniciado. <\/p>\n\t\t\t\t\t\t<\/div>\n\t\t\t\t<\/div>\n\t\t\t\t<div class=\"elementor-element elementor-element-7035479 elementor-widget__width-initial elementor-widget elementor-widget-text-editor\" data-id=\"7035479\" data-element_type=\"widget\" data-widget_type=\"text-editor.default\">\n\t\t\t\t<div class=\"elementor-widget-container\">\n\t\t\t\t\t\t\t<h3><strong>\u00bfNos echaste de menos en \u00c1msterdam?<\/strong><\/h3>\n<p>\u00a1No te preocupes! Mantente en contacto con nosotros para no perderte ninguna actualizaci\u00f3n sobre nuestros \u00faltimos avances y pr\u00f3ximos eventos. Estamos deseando escribir contigo tambi\u00e9n la historia del parque del futuro.  <\/p>\n\t\t\t\t\t\t<\/div>\n\t\t\t\t<\/div>\n\t\t\t\t\t<\/div>\n\t\t\t\t<\/div>\n\t\t\t\t<\/div>\n\t\t\t\t\t<\/div>\n\t\t\t\t<\/div>\n\t\t<div class=\"elementor-element elementor-element-1d5a3d5e e-flex e-con-boxed e-con e-parent\" data-id=\"1d5a3d5e\" data-element_type=\"container\" data-settings=\"{&quot;background_background&quot;:&quot;classic&quot;}\">\n\t\t\t\t\t<div class=\"e-con-inner\">\n\t\t\t\t<div class=\"elementor-element elementor-element-6493b698 elementor-widget__width-initial elementor-widget elementor-widget-text-editor\" data-id=\"6493b698\" data-element_type=\"widget\" data-widget_type=\"text-editor.default\">\n\t\t\t\t<div class=\"elementor-widget-container\">\n\t\t\t\t\t\t\t<p>Junto con Nectanet, el equipo de Parkstory estuvo en la EXPO REAL 2023 de Munich del 04.04.2010. \u00a1hasta el 06 de octubre de 2023! Una buena oportunidad para conocernos, presentar nuestras soluciones de aparcamiento personalizadas y discutir en detalle tus proyectos.<\/p>\n\t\t\t\t\t\t<\/div>\n\t\t\t\t<\/div>\n\t\t<div class=\"elementor-element elementor-element-3ee8dd5c e-flex e-con-boxed e-con e-child\" data-id=\"3ee8dd5c\" data-element_type=\"container\" data-settings=\"{&quot;background_background&quot;:&quot;classic&quot;}\">\n\t\t\t\t\t<div class=\"e-con-inner\">\n\t\t<div class=\"elementor-element elementor-element-5c4aac37 e-con-full e-flex e-con e-child\" data-id=\"5c4aac37\" data-element_type=\"container\" data-settings=\"{&quot;background_background&quot;:&quot;classic&quot;}\">\n\t\t<div class=\"elementor-element elementor-element-5a2047a6 e-flex e-con-boxed e-con e-child\" data-id=\"5a2047a6\" data-element_type=\"container\">\n\t\t\t\t\t<div class=\"e-con-inner\">\n\t\t<div class=\"elementor-element elementor-element-49117a6 e-flex e-con-boxed e-con e-child\" data-id=\"49117a6\" data-element_type=\"container\">\n\t\t\t\t\t<div class=\"e-con-inner\">\n\t\t\t\t<div class=\"elementor-element elementor-element-2fd341a0 elementor-widget elementor-widget-heading\" data-id=\"2fd341a0\" data-element_type=\"widget\" data-widget_type=\"heading.default\">\n\t\t\t\t<div class=\"elementor-widget-container\">\n\t\t\t<h3 class=\"elementor-heading-title elementor-size-default\">No te pierdas ninguna noticia<\/h3>\t\t<\/div>\n\t\t\t\t<\/div>\n\t\t\t\t<div class=\"elementor-element elementor-element-5f0a3e3 elementor-widget elementor-widget-heading\" data-id=\"5f0a3e3\" data-element_type=\"widget\" data-widget_type=\"heading.default\">\n\t\t\t\t<div class=\"elementor-widget-container\">\n\t\t\t<p class=\"elementor-heading-title elementor-size-default\">Te informamos de las novedades en LinkedIn.<\/p>\t\t<\/div>\n\t\t\t\t<\/div>\n\t\t\t\t<div class=\"elementor-element elementor-element-79dd4080 elementor-align-center elementor-widget elementor-widget-button\" data-id=\"79dd4080\" data-element_type=\"widget\" data-widget_type=\"button.default\">\n\t\t\t\t<div class=\"elementor-widget-container\">\n\t\t\t\t\t<div class=\"elementor-button-wrapper\">\n\t\t\t<a class=\"elementor-button elementor-button-link elementor-size-sm\" href=\"https:\/\/www.linkedin.com\/company\/parkstory\">\n\t\t\t\t\t\t<span class=\"elementor-button-content-wrapper\">\n\t\t\t\t\t\t<span class=\"elementor-button-icon\">\n\t\t\t\t\t\t\t<\/span>\n\t\t\t\t\t\t\t\t\t<span class=\"elementor-button-text\">LinkedIn<\/span>\n\t\t\t\t\t<\/span>\n\t\t\t\t\t<\/a>\n\t\t<\/div>\n\t\t\t\t<\/div>\n\t\t\t\t<\/div>\n\t\t\t\t\t<\/div>\n\t\t\t\t<\/div>\n\t\t\t\t\t<\/div>\n\t\t\t\t<\/div>\n\t\t\t\t<\/div>\n\t\t\t\t\t<\/div>\n\t\t\t\t<\/div>\n\t\t\t\t\t<\/div>\n\t\t\t\t<\/div>\n\t\t\t\t<\/div>\n\t\t","protected":false},"excerpt":{"rendered":"<p>Parkstory repasa el \u00e9xito de Intertraffic \u00c1msterdam 2026. Descubre lo m\u00e1s destacado sobre el futuro de la movilidad urbana. <\/p>\n","protected":false},"author":6,"featured_media":19917,"comment_status":"closed","ping_status":"open","sticky":false,"template":"","format":"standard","meta":{"footnotes":""},"categories":[71],"tags":[],"class_list":["post-19944","post","type-post","status-publish","format-standard","has-post-thumbnail","hentry","category-noticias"],"yoast_head":"<!-- This site is optimized with the Yoast SEO plugin v23.4 - https:\/\/yoast.com\/wordpress\/plugins\/seo\/ -->\n<title>Una mirada retrospectiva: Intertraffic 2026 en \u00c1msterdam - Parkstory<\/title>\n<meta name=\"description\" content=\"Experimenta en directo soluciones de aparcamiento que ahorran espacio: Parkstory repasa el \u00e9xito de Intertraffic \u00c1msterdam 2026. \u00a1Descubre lo m\u00e1s destacado sobre el futuro de la movilidad urbana! \ud83d\ude9a \ud83d\ude97\" \/>\n<meta name=\"robots\" content=\"index, follow, max-snippet:-1, max-image-preview:large, max-video-preview:-1\" \/>\n<link rel=\"canonical\" href=\"https:\/\/parkstory.com\/es\/2026\/03\/16\/una-mirada-retrospectiva-intertraffic-2026-en-amsterdam\/\" \/>\n<meta property=\"og:locale\" content=\"es_ES\" \/>\n<meta property=\"og:type\" content=\"article\" \/>\n<meta property=\"og:title\" content=\"Una mirada retrospectiva: Intertraffic 2026 en \u00c1msterdam - Parkstory\" \/>\n<meta property=\"og:description\" content=\"Experimenta en directo soluciones de aparcamiento que ahorran espacio: Parkstory repasa el \u00e9xito de Intertraffic \u00c1msterdam 2026. \u00a1Descubre lo m\u00e1s destacado sobre el futuro de la movilidad urbana! \ud83d\ude9a \ud83d\ude97\" \/>\n<meta property=\"og:url\" content=\"https:\/\/parkstory.com\/es\/2026\/03\/16\/una-mirada-retrospectiva-intertraffic-2026-en-amsterdam\/\" \/>\n<meta property=\"og:site_name\" content=\"Parkstory\" \/>\n<meta property=\"article:published_time\" content=\"2026-03-16T13:26:00+00:00\" \/>\n<meta property=\"article:modified_time\" content=\"2026-04-30T14:28:31+00:00\" \/>\n<meta property=\"og:image\" content=\"https:\/\/parkstory.com\/wp-content\/uploads\/2026\/04\/Parkstory-auf-der-Intertraffic-Amsterdam-2026_.jpg\" \/>\n\t<meta property=\"og:image:width\" content=\"1120\" \/>\n\t<meta property=\"og:image:height\" content=\"630\" \/>\n\t<meta property=\"og:image:type\" content=\"image\/jpeg\" \/>\n<meta name=\"author\" content=\"Daniela Weise\" \/>\n<meta name=\"twitter:card\" content=\"summary_large_image\" \/>\n<meta name=\"twitter:label1\" content=\"Escrito por\" \/>\n\t<meta name=\"twitter:data1\" content=\"Daniela Weise\" \/>\n\t<meta name=\"twitter:label2\" content=\"Tiempo de lectura\" \/>\n\t<meta name=\"twitter:data2\" content=\"3 minutos\" \/>\n<script type=\"application\/ld+json\" class=\"yoast-schema-graph\">{\"@context\":\"https:\/\/schema.org\",\"@graph\":[{\"@type\":\"Article\",\"@id\":\"https:\/\/parkstory.com\/es\/2026\/03\/16\/una-mirada-retrospectiva-intertraffic-2026-en-amsterdam\/#article\",\"isPartOf\":{\"@id\":\"https:\/\/parkstory.com\/es\/2026\/03\/16\/una-mirada-retrospectiva-intertraffic-2026-en-amsterdam\/\"},\"author\":{\"name\":\"Daniela Weise\",\"@id\":\"https:\/\/parkstory.com\/es\/#\/schema\/person\/384bc86e83340928af0b8dbea0b30e37\"},\"headline\":\"Una mirada retrospectiva: Intertraffic 2026 en \u00c1msterdam\",\"datePublished\":\"2026-03-16T13:26:00+00:00\",\"dateModified\":\"2026-04-30T14:28:31+00:00\",\"mainEntityOfPage\":{\"@id\":\"https:\/\/parkstory.com\/es\/2026\/03\/16\/una-mirada-retrospectiva-intertraffic-2026-en-amsterdam\/\"},\"wordCount\":494,\"publisher\":{\"@id\":\"https:\/\/parkstory.com\/es\/#organization\"},\"image\":{\"@id\":\"https:\/\/parkstory.com\/es\/2026\/03\/16\/una-mirada-retrospectiva-intertraffic-2026-en-amsterdam\/#primaryimage\"},\"thumbnailUrl\":\"https:\/\/parkstory.com\/wp-content\/uploads\/2026\/04\/Parkstory-auf-der-Intertraffic-Amsterdam-2026_.jpg\",\"articleSection\":[\"Noticias\"],\"inLanguage\":\"es\"},{\"@type\":\"WebPage\",\"@id\":\"https:\/\/parkstory.com\/es\/2026\/03\/16\/una-mirada-retrospectiva-intertraffic-2026-en-amsterdam\/\",\"url\":\"https:\/\/parkstory.com\/es\/2026\/03\/16\/una-mirada-retrospectiva-intertraffic-2026-en-amsterdam\/\",\"name\":\"Una mirada retrospectiva: Intertraffic 2026 en \u00c1msterdam - Parkstory\",\"isPartOf\":{\"@id\":\"https:\/\/parkstory.com\/es\/#website\"},\"primaryImageOfPage\":{\"@id\":\"https:\/\/parkstory.com\/es\/2026\/03\/16\/una-mirada-retrospectiva-intertraffic-2026-en-amsterdam\/#primaryimage\"},\"image\":{\"@id\":\"https:\/\/parkstory.com\/es\/2026\/03\/16\/una-mirada-retrospectiva-intertraffic-2026-en-amsterdam\/#primaryimage\"},\"thumbnailUrl\":\"https:\/\/parkstory.com\/wp-content\/uploads\/2026\/04\/Parkstory-auf-der-Intertraffic-Amsterdam-2026_.jpg\",\"datePublished\":\"2026-03-16T13:26:00+00:00\",\"dateModified\":\"2026-04-30T14:28:31+00:00\",\"description\":\"Experimenta en directo soluciones de aparcamiento que ahorran espacio: Parkstory repasa el \u00e9xito de Intertraffic \u00c1msterdam 2026. \u00a1Descubre lo m\u00e1s destacado sobre el futuro de la movilidad urbana! \ud83d\ude9a \ud83d\ude97\",\"breadcrumb\":{\"@id\":\"https:\/\/parkstory.com\/es\/2026\/03\/16\/una-mirada-retrospectiva-intertraffic-2026-en-amsterdam\/#breadcrumb\"},\"inLanguage\":\"es\",\"potentialAction\":[{\"@type\":\"ReadAction\",\"target\":[\"https:\/\/parkstory.com\/es\/2026\/03\/16\/una-mirada-retrospectiva-intertraffic-2026-en-amsterdam\/\"]}]},{\"@type\":\"ImageObject\",\"inLanguage\":\"es\",\"@id\":\"https:\/\/parkstory.com\/es\/2026\/03\/16\/una-mirada-retrospectiva-intertraffic-2026-en-amsterdam\/#primaryimage\",\"url\":\"https:\/\/parkstory.com\/wp-content\/uploads\/2026\/04\/Parkstory-auf-der-Intertraffic-Amsterdam-2026_.jpg\",\"contentUrl\":\"https:\/\/parkstory.com\/wp-content\/uploads\/2026\/04\/Parkstory-auf-der-Intertraffic-Amsterdam-2026_.jpg\",\"width\":1120,\"height\":630},{\"@type\":\"BreadcrumbList\",\"@id\":\"https:\/\/parkstory.com\/es\/2026\/03\/16\/una-mirada-retrospectiva-intertraffic-2026-en-amsterdam\/#breadcrumb\",\"itemListElement\":[{\"@type\":\"ListItem\",\"position\":1,\"name\":\"Home\",\"item\":\"https:\/\/parkstory.com\/es\/\"},{\"@type\":\"ListItem\",\"position\":2,\"name\":\"Una mirada retrospectiva: Intertraffic 2026 en \u00c1msterdam\"}]},{\"@type\":\"WebSite\",\"@id\":\"https:\/\/parkstory.com\/es\/#website\",\"url\":\"https:\/\/parkstory.com\/es\/\",\"name\":\"Parkstory\",\"description\":\"\",\"publisher\":{\"@id\":\"https:\/\/parkstory.com\/es\/#organization\"},\"potentialAction\":[{\"@type\":\"SearchAction\",\"target\":{\"@type\":\"EntryPoint\",\"urlTemplate\":\"https:\/\/parkstory.com\/es\/?s={search_term_string}\"},\"query-input\":{\"@type\":\"PropertyValueSpecification\",\"valueRequired\":true,\"valueName\":\"search_term_string\"}}],\"inLanguage\":\"es\"},{\"@type\":\"Organization\",\"@id\":\"https:\/\/parkstory.com\/es\/#organization\",\"name\":\"Parkstory\",\"url\":\"https:\/\/parkstory.com\/es\/\",\"logo\":{\"@type\":\"ImageObject\",\"inLanguage\":\"es\",\"@id\":\"https:\/\/parkstory.com\/es\/#\/schema\/logo\/image\/\",\"url\":\"https:\/\/parkstory.com\/wp-content\/uploads\/2024\/01\/ps_logo_farbe_einfach_RGB.png\",\"contentUrl\":\"https:\/\/parkstory.com\/wp-content\/uploads\/2024\/01\/ps_logo_farbe_einfach_RGB.png\",\"width\":1668,\"height\":1266,\"caption\":\"Parkstory\"},\"image\":{\"@id\":\"https:\/\/parkstory.com\/es\/#\/schema\/logo\/image\/\"}},{\"@type\":\"Person\",\"@id\":\"https:\/\/parkstory.com\/es\/#\/schema\/person\/384bc86e83340928af0b8dbea0b30e37\",\"name\":\"Daniela Weise\",\"image\":{\"@type\":\"ImageObject\",\"inLanguage\":\"es\",\"@id\":\"https:\/\/parkstory.com\/es\/#\/schema\/person\/image\/\",\"url\":\"https:\/\/secure.gravatar.com\/avatar\/780dac490ba6966bf60a4153b3ddfdb749c14df3dd0b6d79b46c7cdf0338bc8c?s=96&d=mm&r=g\",\"contentUrl\":\"https:\/\/secure.gravatar.com\/avatar\/780dac490ba6966bf60a4153b3ddfdb749c14df3dd0b6d79b46c7cdf0338bc8c?s=96&d=mm&r=g\",\"caption\":\"Daniela Weise\"},\"url\":\"https:\/\/parkstory.com\/es\/author\/dweise\/\"}]}<\/script>\n<!-- \/ Yoast SEO plugin. -->","yoast_head_json":{"title":"Una mirada retrospectiva: Intertraffic 2026 en \u00c1msterdam - Parkstory","description":"Experimenta en directo soluciones de aparcamiento que ahorran espacio: Parkstory repasa el \u00e9xito de Intertraffic \u00c1msterdam 2026. \u00a1Descubre lo m\u00e1s destacado sobre el futuro de la movilidad urbana! \ud83d\ude9a \ud83d\ude97","robots":{"index":"index","follow":"follow","max-snippet":"max-snippet:-1","max-image-preview":"max-image-preview:large","max-video-preview":"max-video-preview:-1"},"canonical":"https:\/\/parkstory.com\/es\/2026\/03\/16\/una-mirada-retrospectiva-intertraffic-2026-en-amsterdam\/","og_locale":"es_ES","og_type":"article","og_title":"Una mirada retrospectiva: Intertraffic 2026 en \u00c1msterdam - Parkstory","og_description":"Experimenta en directo soluciones de aparcamiento que ahorran espacio: Parkstory repasa el \u00e9xito de Intertraffic \u00c1msterdam 2026. \u00a1Descubre lo m\u00e1s destacado sobre el futuro de la movilidad urbana! \ud83d\ude9a \ud83d\ude97","og_url":"https:\/\/parkstory.com\/es\/2026\/03\/16\/una-mirada-retrospectiva-intertraffic-2026-en-amsterdam\/","og_site_name":"Parkstory","article_published_time":"2026-03-16T13:26:00+00:00","article_modified_time":"2026-04-30T14:28:31+00:00","og_image":[{"width":1120,"height":630,"url":"https:\/\/parkstory.com\/wp-content\/uploads\/2026\/04\/Parkstory-auf-der-Intertraffic-Amsterdam-2026_.jpg","type":"image\/jpeg"}],"author":"Daniela Weise","twitter_card":"summary_large_image","twitter_misc":{"Escrito por":"Daniela Weise","Tiempo de lectura":"3 minutos"},"schema":{"@context":"https:\/\/schema.org","@graph":[{"@type":"Article","@id":"https:\/\/parkstory.com\/es\/2026\/03\/16\/una-mirada-retrospectiva-intertraffic-2026-en-amsterdam\/#article","isPartOf":{"@id":"https:\/\/parkstory.com\/es\/2026\/03\/16\/una-mirada-retrospectiva-intertraffic-2026-en-amsterdam\/"},"author":{"name":"Daniela Weise","@id":"https:\/\/parkstory.com\/es\/#\/schema\/person\/384bc86e83340928af0b8dbea0b30e37"},"headline":"Una mirada retrospectiva: Intertraffic 2026 en \u00c1msterdam","datePublished":"2026-03-16T13:26:00+00:00","dateModified":"2026-04-30T14:28:31+00:00","mainEntityOfPage":{"@id":"https:\/\/parkstory.com\/es\/2026\/03\/16\/una-mirada-retrospectiva-intertraffic-2026-en-amsterdam\/"},"wordCount":494,"publisher":{"@id":"https:\/\/parkstory.com\/es\/#organization"},"image":{"@id":"https:\/\/parkstory.com\/es\/2026\/03\/16\/una-mirada-retrospectiva-intertraffic-2026-en-amsterdam\/#primaryimage"},"thumbnailUrl":"https:\/\/parkstory.com\/wp-content\/uploads\/2026\/04\/Parkstory-auf-der-Intertraffic-Amsterdam-2026_.jpg","articleSection":["Noticias"],"inLanguage":"es"},{"@type":"WebPage","@id":"https:\/\/parkstory.com\/es\/2026\/03\/16\/una-mirada-retrospectiva-intertraffic-2026-en-amsterdam\/","url":"https:\/\/parkstory.com\/es\/2026\/03\/16\/una-mirada-retrospectiva-intertraffic-2026-en-amsterdam\/","name":"Una mirada retrospectiva: Intertraffic 2026 en \u00c1msterdam - Parkstory","isPartOf":{"@id":"https:\/\/parkstory.com\/es\/#website"},"primaryImageOfPage":{"@id":"https:\/\/parkstory.com\/es\/2026\/03\/16\/una-mirada-retrospectiva-intertraffic-2026-en-amsterdam\/#primaryimage"},"image":{"@id":"https:\/\/parkstory.com\/es\/2026\/03\/16\/una-mirada-retrospectiva-intertraffic-2026-en-amsterdam\/#primaryimage"},"thumbnailUrl":"https:\/\/parkstory.com\/wp-content\/uploads\/2026\/04\/Parkstory-auf-der-Intertraffic-Amsterdam-2026_.jpg","datePublished":"2026-03-16T13:26:00+00:00","dateModified":"2026-04-30T14:28:31+00:00","description":"Experimenta en directo soluciones de aparcamiento que ahorran espacio: Parkstory repasa el \u00e9xito de Intertraffic \u00c1msterdam 2026. \u00a1Descubre lo m\u00e1s destacado sobre el futuro de la movilidad urbana! \ud83d\ude9a \ud83d\ude97","breadcrumb":{"@id":"https:\/\/parkstory.com\/es\/2026\/03\/16\/una-mirada-retrospectiva-intertraffic-2026-en-amsterdam\/#breadcrumb"},"inLanguage":"es","potentialAction":[{"@type":"ReadAction","target":["https:\/\/parkstory.com\/es\/2026\/03\/16\/una-mirada-retrospectiva-intertraffic-2026-en-amsterdam\/"]}]},{"@type":"ImageObject","inLanguage":"es","@id":"https:\/\/parkstory.com\/es\/2026\/03\/16\/una-mirada-retrospectiva-intertraffic-2026-en-amsterdam\/#primaryimage","url":"https:\/\/parkstory.com\/wp-content\/uploads\/2026\/04\/Parkstory-auf-der-Intertraffic-Amsterdam-2026_.jpg","contentUrl":"https:\/\/parkstory.com\/wp-content\/uploads\/2026\/04\/Parkstory-auf-der-Intertraffic-Amsterdam-2026_.jpg","width":1120,"height":630},{"@type":"BreadcrumbList","@id":"https:\/\/parkstory.com\/es\/2026\/03\/16\/una-mirada-retrospectiva-intertraffic-2026-en-amsterdam\/#breadcrumb","itemListElement":[{"@type":"ListItem","position":1,"name":"Home","item":"https:\/\/parkstory.com\/es\/"},{"@type":"ListItem","position":2,"name":"Una mirada retrospectiva: Intertraffic 2026 en \u00c1msterdam"}]},{"@type":"WebSite","@id":"https:\/\/parkstory.com\/es\/#website","url":"https:\/\/parkstory.com\/es\/","name":"Parkstory","description":"","publisher":{"@id":"https:\/\/parkstory.com\/es\/#organization"},"potentialAction":[{"@type":"SearchAction","target":{"@type":"EntryPoint","urlTemplate":"https:\/\/parkstory.com\/es\/?s={search_term_string}"},"query-input":{"@type":"PropertyValueSpecification","valueRequired":true,"valueName":"search_term_string"}}],"inLanguage":"es"},{"@type":"Organization","@id":"https:\/\/parkstory.com\/es\/#organization","name":"Parkstory","url":"https:\/\/parkstory.com\/es\/","logo":{"@type":"ImageObject","inLanguage":"es","@id":"https:\/\/parkstory.com\/es\/#\/schema\/logo\/image\/","url":"https:\/\/parkstory.com\/wp-content\/uploads\/2024\/01\/ps_logo_farbe_einfach_RGB.png","contentUrl":"https:\/\/parkstory.com\/wp-content\/uploads\/2024\/01\/ps_logo_farbe_einfach_RGB.png","width":1668,"height":1266,"caption":"Parkstory"},"image":{"@id":"https:\/\/parkstory.com\/es\/#\/schema\/logo\/image\/"}},{"@type":"Person","@id":"https:\/\/parkstory.com\/es\/#\/schema\/person\/384bc86e83340928af0b8dbea0b30e37","name":"Daniela Weise","image":{"@type":"ImageObject","inLanguage":"es","@id":"https:\/\/parkstory.com\/es\/#\/schema\/person\/image\/","url":"https:\/\/secure.gravatar.com\/avatar\/780dac490ba6966bf60a4153b3ddfdb749c14df3dd0b6d79b46c7cdf0338bc8c?s=96&d=mm&r=g","contentUrl":"https:\/\/secure.gravatar.com\/avatar\/780dac490ba6966bf60a4153b3ddfdb749c14df3dd0b6d79b46c7cdf0338bc8c?s=96&d=mm&r=g","caption":"Daniela Weise"},"url":"https:\/\/parkstory.com\/es\/author\/dweise\/"}]}},"_links":{"self":[{"href":"https:\/\/parkstory.com\/es\/wp-json\/wp\/v2\/posts\/19944","targetHints":{"allow":["GET"]}}],"collection":[{"href":"https:\/\/parkstory.com\/es\/wp-json\/wp\/v2\/posts"}],"about":[{"href":"https:\/\/parkstory.com\/es\/wp-json\/wp\/v2\/types\/post"}],"author":[{"embeddable":true,"href":"https:\/\/parkstory.com\/es\/wp-json\/wp\/v2\/users\/6"}],"replies":[{"embeddable":true,"href":"https:\/\/parkstory.com\/es\/wp-json\/wp\/v2\/comments?post=19944"}],"version-history":[{"count":1,"href":"https:\/\/parkstory.com\/es\/wp-json\/wp\/v2\/posts\/19944\/revisions"}],"predecessor-version":[{"id":19946,"href":"https:\/\/parkstory.com\/es\/wp-json\/wp\/v2\/posts\/19944\/revisions\/19946"}],"wp:featuredmedia":[{"embeddable":true,"href":"https:\/\/parkstory.com\/es\/wp-json\/wp\/v2\/media\/19917"}],"wp:attachment":[{"href":"https:\/\/parkstory.com\/es\/wp-json\/wp\/v2\/media?parent=19944"}],"wp:term":[{"taxonomy":"category","embeddable":true,"href":"https:\/\/parkstory.com\/es\/wp-json\/wp\/v2\/categories?post=19944"},{"taxonomy":"post_tag","embeddable":true,"href":"https:\/\/parkstory.com\/es\/wp-json\/wp\/v2\/tags?post=19944"}],"curies":[{"name":"wp","href":"https:\/\/api.w.org\/{rel}","templated":true}]}}