{"id":18820,"date":"2024-10-09T15:00:19","date_gmt":"2024-10-09T15:00:19","guid":{"rendered":"https:\/\/parkstory.com\/2024\/10\/09\/expo-real-2024-en-munich\/"},"modified":"2026-04-16T13:22:09","modified_gmt":"2026-04-16T13:22:09","slug":"expo-real-2024-en-munich","status":"publish","type":"post","link":"https:\/\/parkstory.com\/es\/2024\/10\/09\/expo-real-2024-en-munich\/","title":{"rendered":"EXPO REAL 2024 en M\u00fanich"},"content":{"rendered":"\t\t<div data-elementor-type=\"wp-post\" data-elementor-id=\"18820\" class=\"elementor elementor-18820 elementor-18790\" data-elementor-post-type=\"post\">\n\t\t\t\t<div class=\"elementor-element elementor-element-570ceca0 e-flex e-con-boxed e-con e-parent\" data-id=\"570ceca0\" data-element_type=\"container\">\n\t\t\t\t\t<div class=\"e-con-inner\">\n\t\t\t\t<div class=\"elementor-element elementor-element-120e4d97 elementor-widget__width-initial elementor-widget elementor-widget-text-editor\" data-id=\"120e4d97\" data-element_type=\"widget\" data-widget_type=\"text-editor.default\">\n\t\t\t\t<div class=\"elementor-widget-container\">\n\t\t\t\t\t\t\t<p>Junto con Nectanet, el equipo de Parkstory estuvo en la EXPO REAL 2023 de Munich del 04.04.2010. \u00a1hasta el 06 de octubre de 2023! Una buena oportunidad para conocernos, presentar nuestras soluciones de aparcamiento personalizadas y discutir en detalle tus proyectos.<\/p>\n\t\t\t\t\t\t<\/div>\n\t\t\t\t<\/div>\n\t\t<div class=\"elementor-element elementor-element-3a2df1bf e-flex e-con-boxed e-con e-child\" data-id=\"3a2df1bf\" data-element_type=\"container\">\n\t\t\t\t\t<div class=\"e-con-inner\">\n\t\t\t\t\t<\/div>\n\t\t\t\t<\/div>\n\t\t<div class=\"elementor-element elementor-element-585812f6 e-con-full e-flex e-con e-child\" data-id=\"585812f6\" data-element_type=\"container\">\n\t\t<div class=\"elementor-element elementor-element-75e7eafa e-con-full e-flex e-con e-child\" data-id=\"75e7eafa\" data-element_type=\"container\">\n\t\t\t\t<div class=\"elementor-element elementor-element-29e70799 elementor-widget elementor-widget-image\" data-id=\"29e70799\" data-element_type=\"widget\" data-widget_type=\"image.default\">\n\t\t\t\t<div class=\"elementor-widget-container\">\n\t\t\t\t\t\t\t\t\t\t<figure class=\"wp-caption\">\n\t\t\t\t\t\t\t\t\t\t<img fetchpriority=\"high\" decoding=\"async\" width=\"800\" height=\"450\" src=\"https:\/\/parkstory.com\/wp-content\/uploads\/2024\/10\/Exop-Real-2024_-1024x576.jpg\" class=\"attachment-large size-large wp-image-18795\" alt=\"\" srcset=\"https:\/\/parkstory.com\/wp-content\/uploads\/2024\/10\/Exop-Real-2024_-1024x576.jpg 1024w, https:\/\/parkstory.com\/wp-content\/uploads\/2024\/10\/Exop-Real-2024_-300x169.jpg 300w, https:\/\/parkstory.com\/wp-content\/uploads\/2024\/10\/Exop-Real-2024_-768x432.jpg 768w, https:\/\/parkstory.com\/wp-content\/uploads\/2024\/10\/Exop-Real-2024_.jpg 1120w\" sizes=\"(max-width: 800px) 100vw, 800px\" \/>\t\t\t\t\t\t\t\t\t\t\t<figcaption class=\"widget-image-caption wp-caption-text\">J\u00fcrgen Lukas (CEO), Nicole Razavi y Florian Pfefferle (CPO)<\/figcaption>\n\t\t\t\t\t\t\t\t\t\t<\/figure>\n\t\t\t\t\t\t\t<\/div>\n\t\t\t\t<\/div>\n\t\t\t\t<\/div>\n\t\t<div class=\"elementor-element elementor-element-4ab0e2c9 e-flex e-con-boxed e-con e-child\" data-id=\"4ab0e2c9\" data-element_type=\"container\">\n\t\t\t\t\t<div class=\"e-con-inner\">\n\t\t\t\t<div class=\"elementor-element elementor-element-620a45f7 elementor-widget__width-initial elementor-widget elementor-widget-text-editor\" data-id=\"620a45f7\" data-element_type=\"widget\" data-widget_type=\"text-editor.default\">\n\t\t\t\t<div class=\"elementor-widget-container\">\n\t\t\t\t\t\t\t<p>El alcalde Wolfram Britz vino a visitar nuestra planta de producci\u00f3n de Kehl (Alemania). El equipo de Parkstory aprovech\u00f3 esta oportunidad para debatir la cooperaci\u00f3n internacional con la ciudad de Kehl y presentar nuestras tecnolog\u00edas innovadoras, as\u00ed como nuestros proyectos en curso en todo el mundo.<\/p>\n\t\t\t\t\t\t<\/div>\n\t\t\t\t<\/div>\n\t\t\t\t<div class=\"elementor-element elementor-element-6cd29484 elementor-widget elementor-widget-heading\" data-id=\"6cd29484\" data-element_type=\"widget\" data-widget_type=\"heading.default\">\n\t\t\t\t<div class=\"elementor-widget-container\">\n\t\t\t<h2 class=\"elementor-heading-title elementor-size-default\">EXPO REAL 2024 en M\u00fanich<\/h2>\t\t<\/div>\n\t\t\t\t<\/div>\n\t\t\t\t<div class=\"elementor-element elementor-element-16cc97f3 elementor-widget-mobile__width-initial elementor-widget elementor-widget-heading\" data-id=\"16cc97f3\" data-element_type=\"widget\" data-widget_type=\"heading.default\">\n\t\t\t\t<div class=\"elementor-widget-container\">\n\t\t\t<h4 class=\"elementor-heading-title elementor-size-default\">Feria internacional de la propiedad y la inversi\u00f3n<\/h4>\t\t<\/div>\n\t\t\t\t<\/div>\n\t\t\t\t<div class=\"elementor-element elementor-element-3a9a35ef elementor-widget__width-initial elementor-widget elementor-widget-text-editor\" data-id=\"3a9a35ef\" data-element_type=\"widget\" data-widget_type=\"text-editor.default\">\n\t\t\t\t<div class=\"elementor-widget-container\">\n\t\t\t\t\t\t\t<p>Este a\u00f1o, Parkstory volvi\u00f3 a estar representada junto con Nectanet en la EXPO REAL 2024, celebrada en M\u00fanich del 7 al 9 de octubre. Estamos encantados de que la Ministra Nicole Razavi visitara nuestro stand. <\/p>\n\t\t\t\t\t\t<\/div>\n\t\t\t\t<\/div>\n\t\t\t\t<div class=\"elementor-element elementor-element-2dd33fda elementor-widget elementor-widget-button\" data-id=\"2dd33fda\" data-element_type=\"widget\" data-widget_type=\"button.default\">\n\t\t\t\t<div class=\"elementor-widget-container\">\n\t\t\t\t\t<div class=\"elementor-button-wrapper\">\n\t\t\t<a class=\"elementor-button elementor-button-link elementor-size-sm\" href=\"https:\/\/exporeal.net\/de\/\" target=\"_blank\">\n\t\t\t\t\t\t<span class=\"elementor-button-content-wrapper\">\n\t\t\t\t\t\t\t\t\t<span class=\"elementor-button-text\">Descubre m\u00e1s<\/span>\n\t\t\t\t\t<\/span>\n\t\t\t\t\t<\/a>\n\t\t<\/div>\n\t\t\t\t<\/div>\n\t\t\t\t<\/div>\n\t\t\t\t\t<\/div>\n\t\t\t\t<\/div>\n\t\t\t\t<\/div>\n\t\t\t\t\t<\/div>\n\t\t\t\t<\/div>\n\t\t<div class=\"elementor-element elementor-element-385a1eb e-flex e-con-boxed e-con e-parent\" data-id=\"385a1eb\" data-element_type=\"container\" data-settings=\"{&quot;background_background&quot;:&quot;classic&quot;}\">\n\t\t\t\t\t<div class=\"e-con-inner\">\n\t\t\t\t<div class=\"elementor-element elementor-element-5c362a3 elementor-widget__width-initial elementor-widget elementor-widget-text-editor\" data-id=\"5c362a3\" data-element_type=\"widget\" data-widget_type=\"text-editor.default\">\n\t\t\t\t<div class=\"elementor-widget-container\">\n\t\t\t\t\t\t\t<p>Junto con Nectanet, el equipo de Parkstory estuvo en la EXPO REAL 2023 de Munich del 04.04.2010. \u00a1hasta el 06 de octubre de 2023! Una buena oportunidad para conocernos, presentar nuestras soluciones de aparcamiento personalizadas y discutir en detalle tus proyectos.<\/p>\n\t\t\t\t\t\t<\/div>\n\t\t\t\t<\/div>\n\t\t<div class=\"elementor-element elementor-element-636c065a e-flex e-con-boxed e-con e-child\" data-id=\"636c065a\" data-element_type=\"container\" data-settings=\"{&quot;background_background&quot;:&quot;classic&quot;}\">\n\t\t\t\t\t<div class=\"e-con-inner\">\n\t\t<div class=\"elementor-element elementor-element-68120a38 e-con-full e-flex e-con e-child\" data-id=\"68120a38\" data-element_type=\"container\" data-settings=\"{&quot;background_background&quot;:&quot;classic&quot;}\">\n\t\t<div class=\"elementor-element elementor-element-4e0a53bf e-flex e-con-boxed e-con e-child\" data-id=\"4e0a53bf\" data-element_type=\"container\">\n\t\t\t\t\t<div class=\"e-con-inner\">\n\t\t<div class=\"elementor-element elementor-element-3b163939 e-flex e-con-boxed e-con e-child\" data-id=\"3b163939\" data-element_type=\"container\">\n\t\t\t\t\t<div class=\"e-con-inner\">\n\t\t\t\t<div class=\"elementor-element elementor-element-161c693e elementor-widget elementor-widget-heading\" data-id=\"161c693e\" data-element_type=\"widget\" data-widget_type=\"heading.default\">\n\t\t\t\t<div class=\"elementor-widget-container\">\n\t\t\t<h3 class=\"elementor-heading-title elementor-size-default\">No te pierdas ninguna noticia<\/h3>\t\t<\/div>\n\t\t\t\t<\/div>\n\t\t\t\t<div class=\"elementor-element elementor-element-8b278f2 elementor-widget elementor-widget-heading\" data-id=\"8b278f2\" data-element_type=\"widget\" data-widget_type=\"heading.default\">\n\t\t\t\t<div class=\"elementor-widget-container\">\n\t\t\t<p class=\"elementor-heading-title elementor-size-default\">Te informamos de las novedades en LinkedIn.<\/p>\t\t<\/div>\n\t\t\t\t<\/div>\n\t\t\t\t<div class=\"elementor-element elementor-element-63b6a4c3 elementor-align-center elementor-widget elementor-widget-button\" data-id=\"63b6a4c3\" data-element_type=\"widget\" data-widget_type=\"button.default\">\n\t\t\t\t<div class=\"elementor-widget-container\">\n\t\t\t\t\t<div class=\"elementor-button-wrapper\">\n\t\t\t<a class=\"elementor-button elementor-button-link elementor-size-sm\" href=\"https:\/\/www.linkedin.com\/company\/parkstory\">\n\t\t\t\t\t\t<span class=\"elementor-button-content-wrapper\">\n\t\t\t\t\t\t<span class=\"elementor-button-icon\">\n\t\t\t\t\t\t\t<\/span>\n\t\t\t\t\t\t\t\t\t<span class=\"elementor-button-text\">LinkedIn<\/span>\n\t\t\t\t\t<\/span>\n\t\t\t\t\t<\/a>\n\t\t<\/div>\n\t\t\t\t<\/div>\n\t\t\t\t<\/div>\n\t\t\t\t\t<\/div>\n\t\t\t\t<\/div>\n\t\t\t\t\t<\/div>\n\t\t\t\t<\/div>\n\t\t\t\t<\/div>\n\t\t\t\t\t<\/div>\n\t\t\t\t<\/div>\n\t\t\t\t\t<\/div>\n\t\t\t\t<\/div>\n\t\t\t\t<\/div>\n\t\t","protected":false},"excerpt":{"rendered":"<p>Este a\u00f1o, Parkstory volvi\u00f3 a estar representada junto con Nectanet en la EXPO REAL 2024, celebrada en M\u00fanich del 7 al 9 de octubre.  <\/p>\n","protected":false},"author":6,"featured_media":18822,"comment_status":"closed","ping_status":"open","sticky":false,"template":"","format":"standard","meta":{"footnotes":""},"categories":[71],"tags":[],"class_list":["post-18820","post","type-post","status-publish","format-standard","has-post-thumbnail","hentry","category-noticias"],"yoast_head":"<!-- This site is optimized with the Yoast SEO plugin v23.4 - https:\/\/yoast.com\/wordpress\/plugins\/seo\/ -->\n<title>EXPO REAL 2024 en M\u00fanich - Parkstory<\/title>\n<meta name=\"description\" content=\"Este a\u00f1o, Parkstory volvi\u00f3 a estar representada en la EXPO REAL 2024 de M\u00fanich junto con Nectanet y ampli\u00f3 la red.\" \/>\n<meta name=\"robots\" content=\"index, follow, max-snippet:-1, max-image-preview:large, max-video-preview:-1\" \/>\n<link rel=\"canonical\" href=\"https:\/\/parkstory.com\/es\/2024\/10\/09\/expo-real-2024-en-munich\/\" \/>\n<meta property=\"og:locale\" content=\"es_ES\" \/>\n<meta property=\"og:type\" content=\"article\" \/>\n<meta property=\"og:title\" content=\"EXPO REAL 2024 en M\u00fanich - Parkstory\" \/>\n<meta property=\"og:description\" content=\"Este a\u00f1o, Parkstory volvi\u00f3 a estar representada en la EXPO REAL 2024 de M\u00fanich junto con Nectanet y ampli\u00f3 la red.\" \/>\n<meta property=\"og:url\" content=\"https:\/\/parkstory.com\/es\/2024\/10\/09\/expo-real-2024-en-munich\/\" \/>\n<meta property=\"og:site_name\" content=\"Parkstory\" \/>\n<meta property=\"article:published_time\" content=\"2024-10-09T15:00:19+00:00\" \/>\n<meta property=\"article:modified_time\" content=\"2026-04-16T13:22:09+00:00\" \/>\n<meta property=\"og:image\" content=\"https:\/\/parkstory.com\/wp-content\/uploads\/2024\/10\/Exop-Real-2024_.jpg\" \/>\n\t<meta property=\"og:image:width\" content=\"1120\" \/>\n\t<meta property=\"og:image:height\" content=\"630\" \/>\n\t<meta property=\"og:image:type\" content=\"image\/jpeg\" \/>\n<meta name=\"author\" content=\"Daniela Weise\" \/>\n<meta name=\"twitter:card\" content=\"summary_large_image\" \/>\n<meta name=\"twitter:label1\" content=\"Escrito por\" \/>\n\t<meta name=\"twitter:data1\" content=\"Daniela Weise\" \/>\n\t<meta name=\"twitter:label2\" content=\"Tiempo de lectura\" \/>\n\t<meta name=\"twitter:data2\" content=\"2 minutos\" \/>\n<script type=\"application\/ld+json\" class=\"yoast-schema-graph\">{\"@context\":\"https:\/\/schema.org\",\"@graph\":[{\"@type\":\"Article\",\"@id\":\"https:\/\/parkstory.com\/es\/2024\/10\/09\/expo-real-2024-en-munich\/#article\",\"isPartOf\":{\"@id\":\"https:\/\/parkstory.com\/es\/2024\/10\/09\/expo-real-2024-en-munich\/\"},\"author\":{\"name\":\"Daniela Weise\",\"@id\":\"https:\/\/parkstory.com\/es\/#\/schema\/person\/384bc86e83340928af0b8dbea0b30e37\"},\"headline\":\"EXPO REAL 2024 en M\u00fanich\",\"datePublished\":\"2024-10-09T15:00:19+00:00\",\"dateModified\":\"2026-04-16T13:22:09+00:00\",\"mainEntityOfPage\":{\"@id\":\"https:\/\/parkstory.com\/es\/2024\/10\/09\/expo-real-2024-en-munich\/\"},\"wordCount\":202,\"publisher\":{\"@id\":\"https:\/\/parkstory.com\/es\/#organization\"},\"image\":{\"@id\":\"https:\/\/parkstory.com\/es\/2024\/10\/09\/expo-real-2024-en-munich\/#primaryimage\"},\"thumbnailUrl\":\"https:\/\/parkstory.com\/wp-content\/uploads\/2024\/10\/Exop-Real-2024_.jpg\",\"articleSection\":[\"Noticias\"],\"inLanguage\":\"es\"},{\"@type\":\"WebPage\",\"@id\":\"https:\/\/parkstory.com\/es\/2024\/10\/09\/expo-real-2024-en-munich\/\",\"url\":\"https:\/\/parkstory.com\/es\/2024\/10\/09\/expo-real-2024-en-munich\/\",\"name\":\"EXPO REAL 2024 en M\u00fanich - Parkstory\",\"isPartOf\":{\"@id\":\"https:\/\/parkstory.com\/es\/#website\"},\"primaryImageOfPage\":{\"@id\":\"https:\/\/parkstory.com\/es\/2024\/10\/09\/expo-real-2024-en-munich\/#primaryimage\"},\"image\":{\"@id\":\"https:\/\/parkstory.com\/es\/2024\/10\/09\/expo-real-2024-en-munich\/#primaryimage\"},\"thumbnailUrl\":\"https:\/\/parkstory.com\/wp-content\/uploads\/2024\/10\/Exop-Real-2024_.jpg\",\"datePublished\":\"2024-10-09T15:00:19+00:00\",\"dateModified\":\"2026-04-16T13:22:09+00:00\",\"description\":\"Este a\u00f1o, Parkstory volvi\u00f3 a estar representada en la EXPO REAL 2024 de M\u00fanich junto con Nectanet y ampli\u00f3 la red.\",\"breadcrumb\":{\"@id\":\"https:\/\/parkstory.com\/es\/2024\/10\/09\/expo-real-2024-en-munich\/#breadcrumb\"},\"inLanguage\":\"es\",\"potentialAction\":[{\"@type\":\"ReadAction\",\"target\":[\"https:\/\/parkstory.com\/es\/2024\/10\/09\/expo-real-2024-en-munich\/\"]}]},{\"@type\":\"ImageObject\",\"inLanguage\":\"es\",\"@id\":\"https:\/\/parkstory.com\/es\/2024\/10\/09\/expo-real-2024-en-munich\/#primaryimage\",\"url\":\"https:\/\/parkstory.com\/wp-content\/uploads\/2024\/10\/Exop-Real-2024_.jpg\",\"contentUrl\":\"https:\/\/parkstory.com\/wp-content\/uploads\/2024\/10\/Exop-Real-2024_.jpg\",\"width\":1120,\"height\":630},{\"@type\":\"BreadcrumbList\",\"@id\":\"https:\/\/parkstory.com\/es\/2024\/10\/09\/expo-real-2024-en-munich\/#breadcrumb\",\"itemListElement\":[{\"@type\":\"ListItem\",\"position\":1,\"name\":\"Home\",\"item\":\"https:\/\/parkstory.com\/es\/\"},{\"@type\":\"ListItem\",\"position\":2,\"name\":\"EXPO REAL 2024 en M\u00fanich\"}]},{\"@type\":\"WebSite\",\"@id\":\"https:\/\/parkstory.com\/es\/#website\",\"url\":\"https:\/\/parkstory.com\/es\/\",\"name\":\"Parkstory\",\"description\":\"\",\"publisher\":{\"@id\":\"https:\/\/parkstory.com\/es\/#organization\"},\"potentialAction\":[{\"@type\":\"SearchAction\",\"target\":{\"@type\":\"EntryPoint\",\"urlTemplate\":\"https:\/\/parkstory.com\/es\/?s={search_term_string}\"},\"query-input\":{\"@type\":\"PropertyValueSpecification\",\"valueRequired\":true,\"valueName\":\"search_term_string\"}}],\"inLanguage\":\"es\"},{\"@type\":\"Organization\",\"@id\":\"https:\/\/parkstory.com\/es\/#organization\",\"name\":\"Parkstory\",\"url\":\"https:\/\/parkstory.com\/es\/\",\"logo\":{\"@type\":\"ImageObject\",\"inLanguage\":\"es\",\"@id\":\"https:\/\/parkstory.com\/es\/#\/schema\/logo\/image\/\",\"url\":\"https:\/\/parkstory.com\/wp-content\/uploads\/2024\/01\/ps_logo_farbe_einfach_RGB.png\",\"contentUrl\":\"https:\/\/parkstory.com\/wp-content\/uploads\/2024\/01\/ps_logo_farbe_einfach_RGB.png\",\"width\":1668,\"height\":1266,\"caption\":\"Parkstory\"},\"image\":{\"@id\":\"https:\/\/parkstory.com\/es\/#\/schema\/logo\/image\/\"}},{\"@type\":\"Person\",\"@id\":\"https:\/\/parkstory.com\/es\/#\/schema\/person\/384bc86e83340928af0b8dbea0b30e37\",\"name\":\"Daniela Weise\",\"image\":{\"@type\":\"ImageObject\",\"inLanguage\":\"es\",\"@id\":\"https:\/\/parkstory.com\/es\/#\/schema\/person\/image\/\",\"url\":\"https:\/\/secure.gravatar.com\/avatar\/780dac490ba6966bf60a4153b3ddfdb749c14df3dd0b6d79b46c7cdf0338bc8c?s=96&d=mm&r=g\",\"contentUrl\":\"https:\/\/secure.gravatar.com\/avatar\/780dac490ba6966bf60a4153b3ddfdb749c14df3dd0b6d79b46c7cdf0338bc8c?s=96&d=mm&r=g\",\"caption\":\"Daniela Weise\"},\"url\":\"https:\/\/parkstory.com\/es\/author\/dweise\/\"}]}<\/script>\n<!-- \/ Yoast SEO plugin. -->","yoast_head_json":{"title":"EXPO REAL 2024 en M\u00fanich - Parkstory","description":"Este a\u00f1o, Parkstory volvi\u00f3 a estar representada en la EXPO REAL 2024 de M\u00fanich junto con Nectanet y ampli\u00f3 la red.","robots":{"index":"index","follow":"follow","max-snippet":"max-snippet:-1","max-image-preview":"max-image-preview:large","max-video-preview":"max-video-preview:-1"},"canonical":"https:\/\/parkstory.com\/es\/2024\/10\/09\/expo-real-2024-en-munich\/","og_locale":"es_ES","og_type":"article","og_title":"EXPO REAL 2024 en M\u00fanich - Parkstory","og_description":"Este a\u00f1o, Parkstory volvi\u00f3 a estar representada en la EXPO REAL 2024 de M\u00fanich junto con Nectanet y ampli\u00f3 la red.","og_url":"https:\/\/parkstory.com\/es\/2024\/10\/09\/expo-real-2024-en-munich\/","og_site_name":"Parkstory","article_published_time":"2024-10-09T15:00:19+00:00","article_modified_time":"2026-04-16T13:22:09+00:00","og_image":[{"width":1120,"height":630,"url":"https:\/\/parkstory.com\/wp-content\/uploads\/2024\/10\/Exop-Real-2024_.jpg","type":"image\/jpeg"}],"author":"Daniela Weise","twitter_card":"summary_large_image","twitter_misc":{"Escrito por":"Daniela Weise","Tiempo de lectura":"2 minutos"},"schema":{"@context":"https:\/\/schema.org","@graph":[{"@type":"Article","@id":"https:\/\/parkstory.com\/es\/2024\/10\/09\/expo-real-2024-en-munich\/#article","isPartOf":{"@id":"https:\/\/parkstory.com\/es\/2024\/10\/09\/expo-real-2024-en-munich\/"},"author":{"name":"Daniela Weise","@id":"https:\/\/parkstory.com\/es\/#\/schema\/person\/384bc86e83340928af0b8dbea0b30e37"},"headline":"EXPO REAL 2024 en M\u00fanich","datePublished":"2024-10-09T15:00:19+00:00","dateModified":"2026-04-16T13:22:09+00:00","mainEntityOfPage":{"@id":"https:\/\/parkstory.com\/es\/2024\/10\/09\/expo-real-2024-en-munich\/"},"wordCount":202,"publisher":{"@id":"https:\/\/parkstory.com\/es\/#organization"},"image":{"@id":"https:\/\/parkstory.com\/es\/2024\/10\/09\/expo-real-2024-en-munich\/#primaryimage"},"thumbnailUrl":"https:\/\/parkstory.com\/wp-content\/uploads\/2024\/10\/Exop-Real-2024_.jpg","articleSection":["Noticias"],"inLanguage":"es"},{"@type":"WebPage","@id":"https:\/\/parkstory.com\/es\/2024\/10\/09\/expo-real-2024-en-munich\/","url":"https:\/\/parkstory.com\/es\/2024\/10\/09\/expo-real-2024-en-munich\/","name":"EXPO REAL 2024 en M\u00fanich - Parkstory","isPartOf":{"@id":"https:\/\/parkstory.com\/es\/#website"},"primaryImageOfPage":{"@id":"https:\/\/parkstory.com\/es\/2024\/10\/09\/expo-real-2024-en-munich\/#primaryimage"},"image":{"@id":"https:\/\/parkstory.com\/es\/2024\/10\/09\/expo-real-2024-en-munich\/#primaryimage"},"thumbnailUrl":"https:\/\/parkstory.com\/wp-content\/uploads\/2024\/10\/Exop-Real-2024_.jpg","datePublished":"2024-10-09T15:00:19+00:00","dateModified":"2026-04-16T13:22:09+00:00","description":"Este a\u00f1o, Parkstory volvi\u00f3 a estar representada en la EXPO REAL 2024 de M\u00fanich junto con Nectanet y ampli\u00f3 la red.","breadcrumb":{"@id":"https:\/\/parkstory.com\/es\/2024\/10\/09\/expo-real-2024-en-munich\/#breadcrumb"},"inLanguage":"es","potentialAction":[{"@type":"ReadAction","target":["https:\/\/parkstory.com\/es\/2024\/10\/09\/expo-real-2024-en-munich\/"]}]},{"@type":"ImageObject","inLanguage":"es","@id":"https:\/\/parkstory.com\/es\/2024\/10\/09\/expo-real-2024-en-munich\/#primaryimage","url":"https:\/\/parkstory.com\/wp-content\/uploads\/2024\/10\/Exop-Real-2024_.jpg","contentUrl":"https:\/\/parkstory.com\/wp-content\/uploads\/2024\/10\/Exop-Real-2024_.jpg","width":1120,"height":630},{"@type":"BreadcrumbList","@id":"https:\/\/parkstory.com\/es\/2024\/10\/09\/expo-real-2024-en-munich\/#breadcrumb","itemListElement":[{"@type":"ListItem","position":1,"name":"Home","item":"https:\/\/parkstory.com\/es\/"},{"@type":"ListItem","position":2,"name":"EXPO REAL 2024 en M\u00fanich"}]},{"@type":"WebSite","@id":"https:\/\/parkstory.com\/es\/#website","url":"https:\/\/parkstory.com\/es\/","name":"Parkstory","description":"","publisher":{"@id":"https:\/\/parkstory.com\/es\/#organization"},"potentialAction":[{"@type":"SearchAction","target":{"@type":"EntryPoint","urlTemplate":"https:\/\/parkstory.com\/es\/?s={search_term_string}"},"query-input":{"@type":"PropertyValueSpecification","valueRequired":true,"valueName":"search_term_string"}}],"inLanguage":"es"},{"@type":"Organization","@id":"https:\/\/parkstory.com\/es\/#organization","name":"Parkstory","url":"https:\/\/parkstory.com\/es\/","logo":{"@type":"ImageObject","inLanguage":"es","@id":"https:\/\/parkstory.com\/es\/#\/schema\/logo\/image\/","url":"https:\/\/parkstory.com\/wp-content\/uploads\/2024\/01\/ps_logo_farbe_einfach_RGB.png","contentUrl":"https:\/\/parkstory.com\/wp-content\/uploads\/2024\/01\/ps_logo_farbe_einfach_RGB.png","width":1668,"height":1266,"caption":"Parkstory"},"image":{"@id":"https:\/\/parkstory.com\/es\/#\/schema\/logo\/image\/"}},{"@type":"Person","@id":"https:\/\/parkstory.com\/es\/#\/schema\/person\/384bc86e83340928af0b8dbea0b30e37","name":"Daniela Weise","image":{"@type":"ImageObject","inLanguage":"es","@id":"https:\/\/parkstory.com\/es\/#\/schema\/person\/image\/","url":"https:\/\/secure.gravatar.com\/avatar\/780dac490ba6966bf60a4153b3ddfdb749c14df3dd0b6d79b46c7cdf0338bc8c?s=96&d=mm&r=g","contentUrl":"https:\/\/secure.gravatar.com\/avatar\/780dac490ba6966bf60a4153b3ddfdb749c14df3dd0b6d79b46c7cdf0338bc8c?s=96&d=mm&r=g","caption":"Daniela Weise"},"url":"https:\/\/parkstory.com\/es\/author\/dweise\/"}]}},"_links":{"self":[{"href":"https:\/\/parkstory.com\/es\/wp-json\/wp\/v2\/posts\/18820","targetHints":{"allow":["GET"]}}],"collection":[{"href":"https:\/\/parkstory.com\/es\/wp-json\/wp\/v2\/posts"}],"about":[{"href":"https:\/\/parkstory.com\/es\/wp-json\/wp\/v2\/types\/post"}],"author":[{"embeddable":true,"href":"https:\/\/parkstory.com\/es\/wp-json\/wp\/v2\/users\/6"}],"replies":[{"embeddable":true,"href":"https:\/\/parkstory.com\/es\/wp-json\/wp\/v2\/comments?post=18820"}],"version-history":[{"count":4,"href":"https:\/\/parkstory.com\/es\/wp-json\/wp\/v2\/posts\/18820\/revisions"}],"predecessor-version":[{"id":19647,"href":"https:\/\/parkstory.com\/es\/wp-json\/wp\/v2\/posts\/18820\/revisions\/19647"}],"wp:featuredmedia":[{"embeddable":true,"href":"https:\/\/parkstory.com\/es\/wp-json\/wp\/v2\/media\/18822"}],"wp:attachment":[{"href":"https:\/\/parkstory.com\/es\/wp-json\/wp\/v2\/media?parent=18820"}],"wp:term":[{"taxonomy":"category","embeddable":true,"href":"https:\/\/parkstory.com\/es\/wp-json\/wp\/v2\/categories?post=18820"},{"taxonomy":"post_tag","embeddable":true,"href":"https:\/\/parkstory.com\/es\/wp-json\/wp\/v2\/tags?post=18820"}],"curies":[{"name":"wp","href":"https:\/\/api.w.org\/{rel}","templated":true}]}}